{"id":6461,"date":"2021-03-11T09:22:15","date_gmt":"2021-03-11T08:22:15","guid":{"rendered":"https:\/\/coro.meridianos.org\/?p=6461"},"modified":"2021-03-11T10:01:14","modified_gmt":"2021-03-11T09:01:14","slug":"el-coro-meridianos-inicia-con-ilusion-la-vuelta-a-la-actividad","status":"publish","type":"post","link":"https:\/\/coro.meridianos.org\/index.php\/el-coro-meridianos-inicia-con-ilusion-la-vuelta-a-la-actividad\/","title":{"rendered":"El Coro Meridianos est\u00e1 en proceso de renovaci\u00f3n y actualizaci\u00f3n del proyecto"},"content":{"rendered":"<p>Con mucha ilusi\u00f3n el equipo del Coro est\u00e1 trabajando para renovar y actualizar nuestro proyecto, teniendo en cuenta las dificultades derivadas por la situaci\u00f3n de la pandemia y la financiaci\u00f3n a largo plazo del mismo.<\/p>\n<p>Nuestra intenci\u00f3n es retomar el proyecto con unas garant\u00edas de sostenibilidad econ\u00f3mica a largo plazo para poder seguir ofreciendo una formaci\u00f3n de calidad y excelencia, que desde la m\u00fasica y el arte contin\u00fae empoderando a los ni\u00f1os y ni\u00f1as de el Pol\u00edgono Sur de Sevilla, contribuyendo a la transformaci\u00f3n del barrio. Con una proyecci\u00f3n internacional que fomenta los encuentros y actividades con entidades musicales de otros pa\u00edses.<\/p>\n<p>&nbsp;<\/p>\n<p><a href=\"https:\/\/coro.meridianos.org\/wp-content\/uploads\/2020\/05\/fondo-orquetas.png\"><img loading=\"lazy\" class=\"alignnone wp-image-6303 size-large\" src=\"https:\/\/coro.meridianos.org\/wp-content\/uploads\/2020\/05\/fondo-orquetas-1024x170.png\" alt=\"\" width=\"1024\" height=\"170\" srcset=\"https:\/\/coro.meridianos.org\/wp-content\/uploads\/2020\/05\/fondo-orquetas-1024x170.png 1024w, https:\/\/coro.meridianos.org\/wp-content\/uploads\/2020\/05\/fondo-orquetas-300x50.png 300w, https:\/\/coro.meridianos.org\/wp-content\/uploads\/2020\/05\/fondo-orquetas-768x128.png 768w, https:\/\/coro.meridianos.org\/wp-content\/uploads\/2020\/05\/fondo-orquetas-1536x255.png 1536w, https:\/\/coro.meridianos.org\/wp-content\/uploads\/2020\/05\/fondo-orquetas-2048x340.png 2048w, https:\/\/coro.meridianos.org\/wp-content\/uploads\/2020\/05\/fondo-orquetas-500x83.png 500w, https:\/\/coro.meridianos.org\/wp-content\/uploads\/2020\/05\/fondo-orquetas-800x133.png 800w, https:\/\/coro.meridianos.org\/wp-content\/uploads\/2020\/05\/fondo-orquetas-1280x213.png 1280w, https:\/\/coro.meridianos.org\/wp-content\/uploads\/2020\/05\/fondo-orquetas-1920x319.png 1920w, https:\/\/coro.meridianos.org\/wp-content\/uploads\/2020\/05\/fondo-orquetas-48x8.png 48w, https:\/\/coro.meridianos.org\/wp-content\/uploads\/2020\/05\/fondo-orquetas-90x15.png 90w, https:\/\/coro.meridianos.org\/wp-content\/uploads\/2020\/05\/fondo-orquetas-150x25.png 150w, https:\/\/coro.meridianos.org\/wp-content\/uploads\/2020\/05\/fondo-orquetas-200x33.png 200w, https:\/\/coro.meridianos.org\/wp-content\/uploads\/2020\/05\/fondo-orquetas-400x66.png 400w, https:\/\/coro.meridianos.org\/wp-content\/uploads\/2020\/05\/fondo-orquetas-600x100.png 600w, https:\/\/coro.meridianos.org\/wp-content\/uploads\/2020\/05\/fondo-orquetas-1400x233.png 1400w, https:\/\/coro.meridianos.org\/wp-content\/uploads\/2020\/05\/fondo-orquetas-1440x239.png 1440w, https:\/\/coro.meridianos.org\/wp-content\/uploads\/2020\/05\/fondo-orquetas-1600x266.png 1600w\" sizes=\"(max-width: 1024px) 100vw, 1024px\" \/><\/a><\/p>\n","protected":false},"excerpt":{"rendered":"<p>Con mucha ilusi\u00f3n el equipo del Coro est\u00e1 trabajando para renovar y actualizar nuestro proyecto, teniendo en cuenta las dificultades derivadas por la situaci\u00f3n de la pandemia y la financiaci\u00f3n a largo plazo del mismo. Nuestra intenci\u00f3n es retomar el proyecto con unas garant\u00edas de sostenibilidad econ\u00f3mica a largo plazo para poder seguir ofreciendo una [&hellip;]<\/p>\n","protected":false},"author":7,"featured_media":6396,"comment_status":"closed","ping_status":"closed","sticky":false,"template":"","format":"standard","meta":[],"categories":[55],"tags":[],"_links":{"self":[{"href":"https:\/\/coro.meridianos.org\/index.php\/wp-json\/wp\/v2\/posts\/6461"}],"collection":[{"href":"https:\/\/coro.meridianos.org\/index.php\/wp-json\/wp\/v2\/posts"}],"about":[{"href":"https:\/\/coro.meridianos.org\/index.php\/wp-json\/wp\/v2\/types\/post"}],"author":[{"embeddable":true,"href":"https:\/\/coro.meridianos.org\/index.php\/wp-json\/wp\/v2\/users\/7"}],"replies":[{"embeddable":true,"href":"https:\/\/coro.meridianos.org\/index.php\/wp-json\/wp\/v2\/comments?post=6461"}],"version-history":[{"count":7,"href":"https:\/\/coro.meridianos.org\/index.php\/wp-json\/wp\/v2\/posts\/6461\/revisions"}],"predecessor-version":[{"id":6495,"href":"https:\/\/coro.meridianos.org\/index.php\/wp-json\/wp\/v2\/posts\/6461\/revisions\/6495"}],"wp:featuredmedia":[{"embeddable":true,"href":"https:\/\/coro.meridianos.org\/index.php\/wp-json\/wp\/v2\/media\/6396"}],"wp:attachment":[{"href":"https:\/\/coro.meridianos.org\/index.php\/wp-json\/wp\/v2\/media?parent=6461"}],"wp:term":[{"taxonomy":"category","embeddable":true,"href":"https:\/\/coro.meridianos.org\/index.php\/wp-json\/wp\/v2\/categories?post=6461"},{"taxonomy":"post_tag","embeddable":true,"href":"https:\/\/coro.meridianos.org\/index.php\/wp-json\/wp\/v2\/tags?post=6461"}],"curies":[{"name":"wp","href":"https:\/\/api.w.org\/{rel}","templated":true}]}}