{"id":6270,"date":"2020-04-06T19:43:06","date_gmt":"2020-04-06T18:43:06","guid":{"rendered":"https:\/\/coro.meridianos.org\/?p=6270"},"modified":"2020-05-05T15:40:43","modified_gmt":"2020-05-05T14:40:43","slug":"una-historia-de-esperanza-desde-shanghai-a-sevilla","status":"publish","type":"post","link":"https:\/\/coro.meridianos.org\/index.php\/una-historia-de-esperanza-desde-shanghai-a-sevilla\/","title":{"rendered":"Una historia de esperanza, desde Shanghai a Sevilla"},"content":{"rendered":"\r\n<p>En estos d\u00edas en los que nos encontramos en casa, unidos a toda una sociedad que se enfrenta a esta pandemia, quer\u00edamos compartir esta experiencia:<\/p>\r\n\r\n\r\n\r\n<p>En Junio del a\u00f1o pasado dimos un concierto con la escuela de Danza del conservatorio superior de Shanghai. Como en otras ocasiones realizamos una peque\u00f1a convivencia en el Pol\u00edgono Sur entre los artistas. Una de las ni\u00f1as del Coro Meridianos, despu\u00e9s de esta convivencia y del concierto, ha continuado manteniendo la comunicaci\u00f3n a trav\u00e9s de las redes sociales con otra de las ni\u00f1as de Shanghai. <\/p>\r\n\r\n\r\n\r\n<p>Hace unos d\u00edas la ni\u00f1a de Shanghai se ha ofrecido a enviarle mascarillas y le ha pedido que le comunicase todo lo que necesite. Tambi\u00e9n que pod\u00edan quedar online para rezar juntas. Ambas terminaron emocion\u00e1ndose.<\/p>\r\n\r\n\r\n\r\n<p>Es maravilloso ver que la solidaridad no entiende de fronteras, culturas, religiones&#8230;<\/p>\r\n\r\n\r\n\r\n<p>Animo a todos y a quedarse en casa.<\/p>\r\n\r\n\r\n\r\n<figure class=\"wp-block-image\"><img src=\"https:\/\/coro.meridianos.org\/wp-content\/uploads\/2020\/04\/PHOTO-2019-06-29-13-48-32-1024x768.jpg\" alt=\"\" class=\"wp-image-5612\"\/><\/figure>\r\n","protected":false},"excerpt":{"rendered":"<p>En estos d\u00edas en los que nos encontramos en casa, unidos a toda una sociedad que se enfrenta a esta pandemia, quer\u00edamos compartir esta experiencia: En Junio del a\u00f1o pasado dimos un concierto con la escuela de Danza del conservatorio superior de Shanghai. Como en otras ocasiones realizamos una peque\u00f1a convivencia en el Pol\u00edgono Sur [&hellip;]<\/p>\n","protected":false},"author":10,"featured_media":6275,"comment_status":"closed","ping_status":"closed","sticky":false,"template":"","format":"standard","meta":[],"categories":[55],"tags":[],"_links":{"self":[{"href":"https:\/\/coro.meridianos.org\/index.php\/wp-json\/wp\/v2\/posts\/6270"}],"collection":[{"href":"https:\/\/coro.meridianos.org\/index.php\/wp-json\/wp\/v2\/posts"}],"about":[{"href":"https:\/\/coro.meridianos.org\/index.php\/wp-json\/wp\/v2\/types\/post"}],"author":[{"embeddable":true,"href":"https:\/\/coro.meridianos.org\/index.php\/wp-json\/wp\/v2\/users\/10"}],"replies":[{"embeddable":true,"href":"https:\/\/coro.meridianos.org\/index.php\/wp-json\/wp\/v2\/comments?post=6270"}],"version-history":[{"count":1,"href":"https:\/\/coro.meridianos.org\/index.php\/wp-json\/wp\/v2\/posts\/6270\/revisions"}],"predecessor-version":[{"id":6276,"href":"https:\/\/coro.meridianos.org\/index.php\/wp-json\/wp\/v2\/posts\/6270\/revisions\/6276"}],"wp:featuredmedia":[{"embeddable":true,"href":"https:\/\/coro.meridianos.org\/index.php\/wp-json\/wp\/v2\/media\/6275"}],"wp:attachment":[{"href":"https:\/\/coro.meridianos.org\/index.php\/wp-json\/wp\/v2\/media?parent=6270"}],"wp:term":[{"taxonomy":"category","embeddable":true,"href":"https:\/\/coro.meridianos.org\/index.php\/wp-json\/wp\/v2\/categories?post=6270"},{"taxonomy":"post_tag","embeddable":true,"href":"https:\/\/coro.meridianos.org\/index.php\/wp-json\/wp\/v2\/tags?post=6270"}],"curies":[{"name":"wp","href":"https:\/\/api.w.org\/{rel}","templated":true}]}}