{"id":5603,"date":"2020-02-25T19:43:06","date_gmt":"2020-02-25T19:43:06","guid":{"rendered":"https:\/\/coro.meridianos.org\/?p=5603"},"modified":"2020-03-08T19:43:56","modified_gmt":"2020-03-08T19:43:56","slug":"visita-del-director-del-teatro-de-la-maestranza-y-del-director-del-coro-del-teatro-maestranza","status":"publish","type":"post","link":"https:\/\/coro.meridianos.org\/index.php\/visita-del-director-del-teatro-de-la-maestranza-y-del-director-del-coro-del-teatro-maestranza\/","title":{"rendered":"Visita del director del Teatro de la Maestranza y del director del Coro del Teatro Maestranza."},"content":{"rendered":"\n<p>El pasado 24 de febrero recibimos la visita al ensayo del Coro de Javier Men\u00e9ndez e \u00cd\u00f1igo Sampil directores respectivos del Teatro de la Maestranza y del Coro del Teatro Maestranza. Ambos quer\u00edan conocer de primera mano nuestro proyecto y escuchar en vivo al coro.<\/p>\n\n\n\n<p>Estuvieron escuchando parte del nuevo repertorio que estamos preparando para las siguientes actuaciones, quedando sorprendidos por el buen hacer de las chicas y los chicos de nuestro Coro.<\/p>\n\n\n\n<p>Desde nuestra p\u00e1gina web queremos agradecer su visita y el apoyo a nuestro proyecto, esperando que sea el comienzo de m\u00e1s encuentros y colaboraciones.<\/p>\n\n\n\n<figure class=\"wp-block-image\"><img loading=\"lazy\" width=\"1024\" height=\"509\" src=\"https:\/\/coro.meridianos.org\/wp-content\/uploads\/2020\/03\/fullsizeoutput_1a46-1024x509.jpeg\" alt=\"\" class=\"wp-image-5606\" srcset=\"https:\/\/coro.meridianos.org\/wp-content\/uploads\/2020\/03\/fullsizeoutput_1a46-1024x509.jpeg 1024w, https:\/\/coro.meridianos.org\/wp-content\/uploads\/2020\/03\/fullsizeoutput_1a46-600x298.jpeg 600w, https:\/\/coro.meridianos.org\/wp-content\/uploads\/2020\/03\/fullsizeoutput_1a46-300x149.jpeg 300w, https:\/\/coro.meridianos.org\/wp-content\/uploads\/2020\/03\/fullsizeoutput_1a46-768x382.jpeg 768w\" sizes=\"(max-width: 1024px) 100vw, 1024px\" \/><\/figure>\n","protected":false},"excerpt":{"rendered":"<p>El pasado 24 de febrero recibimos la visita al ensayo del Coro de Javier Men\u00e9ndez e \u00cd\u00f1igo Sampil directores respectivos del Teatro de la Maestranza y del Coro del Teatro Maestranza. Ambos quer\u00edan conocer de primera mano nuestro proyecto y escuchar en vivo al coro. Estuvieron escuchando parte del nuevo repertorio que estamos preparando para [&hellip;]<\/p>\n","protected":false},"author":7,"featured_media":5608,"comment_status":"closed","ping_status":"closed","sticky":false,"template":"","format":"standard","meta":[],"categories":[55],"tags":[],"_links":{"self":[{"href":"https:\/\/coro.meridianos.org\/index.php\/wp-json\/wp\/v2\/posts\/5603"}],"collection":[{"href":"https:\/\/coro.meridianos.org\/index.php\/wp-json\/wp\/v2\/posts"}],"about":[{"href":"https:\/\/coro.meridianos.org\/index.php\/wp-json\/wp\/v2\/types\/post"}],"author":[{"embeddable":true,"href":"https:\/\/coro.meridianos.org\/index.php\/wp-json\/wp\/v2\/users\/7"}],"replies":[{"embeddable":true,"href":"https:\/\/coro.meridianos.org\/index.php\/wp-json\/wp\/v2\/comments?post=5603"}],"version-history":[{"count":2,"href":"https:\/\/coro.meridianos.org\/index.php\/wp-json\/wp\/v2\/posts\/5603\/revisions"}],"predecessor-version":[{"id":5609,"href":"https:\/\/coro.meridianos.org\/index.php\/wp-json\/wp\/v2\/posts\/5603\/revisions\/5609"}],"wp:featuredmedia":[{"embeddable":true,"href":"https:\/\/coro.meridianos.org\/index.php\/wp-json\/wp\/v2\/media\/5608"}],"wp:attachment":[{"href":"https:\/\/coro.meridianos.org\/index.php\/wp-json\/wp\/v2\/media?parent=5603"}],"wp:term":[{"taxonomy":"category","embeddable":true,"href":"https:\/\/coro.meridianos.org\/index.php\/wp-json\/wp\/v2\/categories?post=5603"},{"taxonomy":"post_tag","embeddable":true,"href":"https:\/\/coro.meridianos.org\/index.php\/wp-json\/wp\/v2\/tags?post=5603"}],"curies":[{"name":"wp","href":"https:\/\/api.w.org\/{rel}","templated":true}]}}