{"id":5597,"date":"2020-01-29T15:44:42","date_gmt":"2020-01-29T15:44:42","guid":{"rendered":"https:\/\/coro.meridianos.org\/?p=5597"},"modified":"2020-01-29T15:46:27","modified_gmt":"2020-01-29T15:46:27","slug":"el-coro-meridianos-cantara-el-ave-maria-este-domingo-2-de-febrero-en-la-hermandad-de-los-gitanos-en-la-funcion-solemne-en-honor-a-maria-santisima-de-las-angustias","status":"publish","type":"post","link":"https:\/\/coro.meridianos.org\/index.php\/el-coro-meridianos-cantara-el-ave-maria-este-domingo-2-de-febrero-en-la-hermandad-de-los-gitanos-en-la-funcion-solemne-en-honor-a-maria-santisima-de-las-angustias\/","title":{"rendered":"El Coro Meridianos cantar\u00e1 el Ave Mar\u00eda este Domingo 2 de Febrero en la Hermandad de los Gitanos en la Funci\u00f3n Solemne en honor a Mar\u00eda Sant\u00edsima de las Angustias."},"content":{"rendered":"\n<p>El domingo 2 de febrero, a las 11:30 horas, tendr\u00e1 lugar la Funci\u00f3n Solemne en honor a Mar\u00eda Sant\u00edsima de las Angustias Coronada, titular de la Hermandad Sacramental de los Gitanos, presidir\u00e1 la celebraci\u00f3n el Excelent\u00edsimo y Reverend\u00edsimo Arzobispo de Sevilla, Don Juan Jos\u00e9 Asenjo Pelegrina. El Coro Meridianos cantar\u00e1 el Ave Maria de Caccini durante el ofertorio.<\/p>\n\n\n\n<figure class=\"wp-block-image\"><img loading=\"lazy\" width=\"1024\" height=\"768\" src=\"https:\/\/coro.meridianos.org\/wp-content\/uploads\/2020\/01\/tjARLnilT9mfIgAsg2Rldg-1024x768.jpg\" alt=\"\" class=\"wp-image-5555\" srcset=\"https:\/\/coro.meridianos.org\/wp-content\/uploads\/2020\/01\/tjARLnilT9mfIgAsg2Rldg-1024x768.jpg 1024w, https:\/\/coro.meridianos.org\/wp-content\/uploads\/2020\/01\/tjARLnilT9mfIgAsg2Rldg-600x450.jpg 600w, https:\/\/coro.meridianos.org\/wp-content\/uploads\/2020\/01\/tjARLnilT9mfIgAsg2Rldg-300x225.jpg 300w, https:\/\/coro.meridianos.org\/wp-content\/uploads\/2020\/01\/tjARLnilT9mfIgAsg2Rldg-768x576.jpg 768w, https:\/\/coro.meridianos.org\/wp-content\/uploads\/2020\/01\/tjARLnilT9mfIgAsg2Rldg-400x300.jpg 400w\" sizes=\"(max-width: 1024px) 100vw, 1024px\" \/><\/figure>\n","protected":false},"excerpt":{"rendered":"<p>El domingo 2 de febrero, a las 11:30 horas, tendr\u00e1 lugar la Funci\u00f3n Solemne en honor a Mar\u00eda Sant\u00edsima de las Angustias Coronada, titular de la Hermandad Sacramental de los Gitanos, presidir\u00e1 la celebraci\u00f3n el Excelent\u00edsimo y Reverend\u00edsimo Arzobispo de Sevilla, Don Juan Jos\u00e9 Asenjo Pelegrina. El Coro Meridianos cantar\u00e1 el Ave Maria de Caccini [&hellip;]<\/p>\n","protected":false},"author":7,"featured_media":5554,"comment_status":"closed","ping_status":"closed","sticky":false,"template":"","format":"standard","meta":[],"categories":[55,1],"tags":[],"_links":{"self":[{"href":"https:\/\/coro.meridianos.org\/index.php\/wp-json\/wp\/v2\/posts\/5597"}],"collection":[{"href":"https:\/\/coro.meridianos.org\/index.php\/wp-json\/wp\/v2\/posts"}],"about":[{"href":"https:\/\/coro.meridianos.org\/index.php\/wp-json\/wp\/v2\/types\/post"}],"author":[{"embeddable":true,"href":"https:\/\/coro.meridianos.org\/index.php\/wp-json\/wp\/v2\/users\/7"}],"replies":[{"embeddable":true,"href":"https:\/\/coro.meridianos.org\/index.php\/wp-json\/wp\/v2\/comments?post=5597"}],"version-history":[{"count":1,"href":"https:\/\/coro.meridianos.org\/index.php\/wp-json\/wp\/v2\/posts\/5597\/revisions"}],"predecessor-version":[{"id":5598,"href":"https:\/\/coro.meridianos.org\/index.php\/wp-json\/wp\/v2\/posts\/5597\/revisions\/5598"}],"wp:featuredmedia":[{"embeddable":true,"href":"https:\/\/coro.meridianos.org\/index.php\/wp-json\/wp\/v2\/media\/5554"}],"wp:attachment":[{"href":"https:\/\/coro.meridianos.org\/index.php\/wp-json\/wp\/v2\/media?parent=5597"}],"wp:term":[{"taxonomy":"category","embeddable":true,"href":"https:\/\/coro.meridianos.org\/index.php\/wp-json\/wp\/v2\/categories?post=5597"},{"taxonomy":"post_tag","embeddable":true,"href":"https:\/\/coro.meridianos.org\/index.php\/wp-json\/wp\/v2\/tags?post=5597"}],"curies":[{"name":"wp","href":"https:\/\/api.w.org\/{rel}","templated":true}]}}