{"id":5579,"date":"2020-01-20T10:46:02","date_gmt":"2020-01-20T10:46:02","guid":{"rendered":"https:\/\/coro.meridianos.org\/?p=5579"},"modified":"2020-01-29T15:28:03","modified_gmt":"2020-01-29T15:28:03","slug":"el-videoclip-aqui-poligono-sur-en-el-que-participo-el-coro-meridianos-recibe-el-premio-asecan-del-cine-andaluz-en-la-categoria-de-otros-formatos","status":"publish","type":"post","link":"https:\/\/coro.meridianos.org\/index.php\/el-videoclip-aqui-poligono-sur-en-el-que-participo-el-coro-meridianos-recibe-el-premio-asecan-del-cine-andaluz-en-la-categoria-de-otros-formatos\/","title":{"rendered":"El videoclip &#8220;Aqu\u00ed Pol\u00edgono Sur&#8221; en el que particip\u00f3 el Coro Meridianos recibe el  premio ASECAN del cine andaluz en la categor\u00eda de otros formatos"},"content":{"rendered":"\n<p>El pasado s\u00e1bado 18 de Enero, estuvimos presentes en la 32\u00aa gala de los premios ASECAN del cine andaluz. Fuimos invitados por participar en el Videoclip &#8220;Aqu\u00ed Pol\u00edgono Sur&#8221; promovido por el Instituto de la Cultura y las Artes de Sevilla (ICAS) como colof\u00f3n al Campus Pol\u00edgono Sur Arte y contexto en la periferia, que se ha llevado el premio a la categor\u00eda de otros formatos.<\/p>\n\n\n\n<p>Ha sido toda una experiencia art\u00edstica para los ni\u00f1os y ni\u00f1as del coro, tanto la primera grabaci\u00f3n del audio, como la posterior de video. De la misma manera lo han sentido aquellos, que en representaci\u00f3n del coro pudieron asistir a la Gala de los premios, se sintieron muy especiales. Para ellos es inolvidable.<\/p>\n\n\n\n<p>Desde nuestra web queremos agradecer al ICAS porque una vez m\u00e1s han contado con nosotros y felicitarles por la puesta en marcha de estas iniciativas. Extendemos nuestra felicitaci\u00f3n al resto de artistas que han participado en el proyecto y a su director Paco R. Ba\u00f1os.<\/p>\n\n\n\n<p>Os dejamos este enlace para poder ver el video: <a href=\"https:\/\/www.youtube.com\/watch?v=icRc4mPTbZQ\">https:\/\/www.youtube.com\/watch?v=icRc4mPTbZQ<\/a><\/p>\n\n\n\n<p><\/p>\n\n\n\n<figure class=\"wp-block-image\"><img loading=\"lazy\" width=\"1024\" height=\"768\" src=\"https:\/\/coro.meridianos.org\/wp-content\/uploads\/2020\/01\/GcgXOkLOTseZJ7dea0EnQ-1024x768.jpg\" alt=\"\" class=\"wp-image-5580\" srcset=\"https:\/\/coro.meridianos.org\/wp-content\/uploads\/2020\/01\/GcgXOkLOTseZJ7dea0EnQ-1024x768.jpg 1024w, https:\/\/coro.meridianos.org\/wp-content\/uploads\/2020\/01\/GcgXOkLOTseZJ7dea0EnQ-600x450.jpg 600w, https:\/\/coro.meridianos.org\/wp-content\/uploads\/2020\/01\/GcgXOkLOTseZJ7dea0EnQ-300x225.jpg 300w, https:\/\/coro.meridianos.org\/wp-content\/uploads\/2020\/01\/GcgXOkLOTseZJ7dea0EnQ-768x576.jpg 768w, https:\/\/coro.meridianos.org\/wp-content\/uploads\/2020\/01\/GcgXOkLOTseZJ7dea0EnQ-400x300.jpg 400w\" sizes=\"(max-width: 1024px) 100vw, 1024px\" \/><\/figure>\n\n\n\n<p><\/p>\n","protected":false},"excerpt":{"rendered":"<p>El pasado s\u00e1bado 18 de Enero, estuvimos presentes en la 32\u00aa gala de los premios ASECAN del cine andaluz. Fuimos invitados por participar en el Videoclip &#8220;Aqu\u00ed Pol\u00edgono Sur&#8221; promovido por el Instituto de la Cultura y las Artes de Sevilla (ICAS) como colof\u00f3n al Campus Pol\u00edgono Sur Arte y contexto en la periferia, que [&hellip;]<\/p>\n","protected":false},"author":7,"featured_media":5581,"comment_status":"closed","ping_status":"closed","sticky":false,"template":"","format":"standard","meta":[],"categories":[55],"tags":[],"_links":{"self":[{"href":"https:\/\/coro.meridianos.org\/index.php\/wp-json\/wp\/v2\/posts\/5579"}],"collection":[{"href":"https:\/\/coro.meridianos.org\/index.php\/wp-json\/wp\/v2\/posts"}],"about":[{"href":"https:\/\/coro.meridianos.org\/index.php\/wp-json\/wp\/v2\/types\/post"}],"author":[{"embeddable":true,"href":"https:\/\/coro.meridianos.org\/index.php\/wp-json\/wp\/v2\/users\/7"}],"replies":[{"embeddable":true,"href":"https:\/\/coro.meridianos.org\/index.php\/wp-json\/wp\/v2\/comments?post=5579"}],"version-history":[{"count":2,"href":"https:\/\/coro.meridianos.org\/index.php\/wp-json\/wp\/v2\/posts\/5579\/revisions"}],"predecessor-version":[{"id":5595,"href":"https:\/\/coro.meridianos.org\/index.php\/wp-json\/wp\/v2\/posts\/5579\/revisions\/5595"}],"wp:featuredmedia":[{"embeddable":true,"href":"https:\/\/coro.meridianos.org\/index.php\/wp-json\/wp\/v2\/media\/5581"}],"wp:attachment":[{"href":"https:\/\/coro.meridianos.org\/index.php\/wp-json\/wp\/v2\/media?parent=5579"}],"wp:term":[{"taxonomy":"category","embeddable":true,"href":"https:\/\/coro.meridianos.org\/index.php\/wp-json\/wp\/v2\/categories?post=5579"},{"taxonomy":"post_tag","embeddable":true,"href":"https:\/\/coro.meridianos.org\/index.php\/wp-json\/wp\/v2\/tags?post=5579"}],"curies":[{"name":"wp","href":"https:\/\/api.w.org\/{rel}","templated":true}]}}