{"id":5571,"date":"2019-12-23T17:48:20","date_gmt":"2019-12-23T17:48:20","guid":{"rendered":"https:\/\/coro.meridianos.org\/?p=5571"},"modified":"2020-01-23T18:18:57","modified_gmt":"2020-01-23T18:18:57","slug":"concierto-de-navidad-meridianos-en-cordoba","status":"publish","type":"post","link":"https:\/\/coro.meridianos.org\/index.php\/concierto-de-navidad-meridianos-en-cordoba\/","title":{"rendered":"Concierto de Navidad Meridianos en C\u00f3rdoba"},"content":{"rendered":"\n<p>El pasado 20 de Diciembre el Coro Meridianos, ofreci\u00f3 en C\u00f3rdoba su tradicional concierto de navidad junto al pianista cordob\u00e9s Alberto de Paz y al Coro del Colegio Internacional San Francisco de Paula. La actuaci\u00f3n se celebr\u00f3 en el auditorio del Conservatorio Profesional de M\u00fasica.<\/p>\n\n\n\n<p>Al acto consigui\u00f3 armonizar dos motivos de celebraci\u00f3n: el primero de ellos reconocer la labor realizada por los profesionales de Meridianos en la capital cordobesa durante los \u00faltimos a\u00f1os, orientada a generar oportunidades entre los j\u00f3venes. Y el segundo, de car\u00e1cter solidario, ya que se pudieron recoger una gran cantidad de alimentos a beneficio del&nbsp;Banco de Alimentos .<\/p>\n\n\n\n<p>Una vez m\u00e1s, desde nuestra web, agradecemos el apoyo de la Obra Social de La Caixa, la colaboraci\u00f3n del Coro del Colegio San Francisco de Paula y la inestimable participaci\u00f3n del pianista Alberto de Paz, que con su buen hacer conjug\u00f3, no solo su pericia musical, sino que su buen humor logr\u00f3 amenizar y dar un ritmo especial y participativo al concierto.<\/p>\n\n\n\n<figure class=\"wp-block-image\"><img loading=\"lazy\" width=\"1024\" height=\"768\" src=\"https:\/\/coro.meridianos.org\/wp-content\/uploads\/2020\/01\/Lnlm9fUNRsKigOkQchhSfw-1024x768.jpg\" alt=\"\" class=\"wp-image-5576\" srcset=\"https:\/\/coro.meridianos.org\/wp-content\/uploads\/2020\/01\/Lnlm9fUNRsKigOkQchhSfw-1024x768.jpg 1024w, https:\/\/coro.meridianos.org\/wp-content\/uploads\/2020\/01\/Lnlm9fUNRsKigOkQchhSfw-600x450.jpg 600w, https:\/\/coro.meridianos.org\/wp-content\/uploads\/2020\/01\/Lnlm9fUNRsKigOkQchhSfw-300x225.jpg 300w, https:\/\/coro.meridianos.org\/wp-content\/uploads\/2020\/01\/Lnlm9fUNRsKigOkQchhSfw-768x576.jpg 768w, https:\/\/coro.meridianos.org\/wp-content\/uploads\/2020\/01\/Lnlm9fUNRsKigOkQchhSfw-400x300.jpg 400w\" sizes=\"(max-width: 1024px) 100vw, 1024px\" \/><\/figure>\n","protected":false},"excerpt":{"rendered":"<p>El pasado 20 de Diciembre el Coro Meridianos, ofreci\u00f3 en C\u00f3rdoba su tradicional concierto de navidad junto al pianista cordob\u00e9s Alberto de Paz y al Coro del Colegio Internacional San Francisco de Paula. La actuaci\u00f3n se celebr\u00f3 en el auditorio del Conservatorio Profesional de M\u00fasica. Al acto consigui\u00f3 armonizar dos motivos de celebraci\u00f3n: el primero [&hellip;]<\/p>\n","protected":false},"author":7,"featured_media":5575,"comment_status":"closed","ping_status":"closed","sticky":false,"template":"","format":"standard","meta":[],"categories":[55],"tags":[],"_links":{"self":[{"href":"https:\/\/coro.meridianos.org\/index.php\/wp-json\/wp\/v2\/posts\/5571"}],"collection":[{"href":"https:\/\/coro.meridianos.org\/index.php\/wp-json\/wp\/v2\/posts"}],"about":[{"href":"https:\/\/coro.meridianos.org\/index.php\/wp-json\/wp\/v2\/types\/post"}],"author":[{"embeddable":true,"href":"https:\/\/coro.meridianos.org\/index.php\/wp-json\/wp\/v2\/users\/7"}],"replies":[{"embeddable":true,"href":"https:\/\/coro.meridianos.org\/index.php\/wp-json\/wp\/v2\/comments?post=5571"}],"version-history":[{"count":3,"href":"https:\/\/coro.meridianos.org\/index.php\/wp-json\/wp\/v2\/posts\/5571\/revisions"}],"predecessor-version":[{"id":5578,"href":"https:\/\/coro.meridianos.org\/index.php\/wp-json\/wp\/v2\/posts\/5571\/revisions\/5578"}],"wp:featuredmedia":[{"embeddable":true,"href":"https:\/\/coro.meridianos.org\/index.php\/wp-json\/wp\/v2\/media\/5575"}],"wp:attachment":[{"href":"https:\/\/coro.meridianos.org\/index.php\/wp-json\/wp\/v2\/media?parent=5571"}],"wp:term":[{"taxonomy":"category","embeddable":true,"href":"https:\/\/coro.meridianos.org\/index.php\/wp-json\/wp\/v2\/categories?post=5571"},{"taxonomy":"post_tag","embeddable":true,"href":"https:\/\/coro.meridianos.org\/index.php\/wp-json\/wp\/v2\/tags?post=5571"}],"curies":[{"name":"wp","href":"https:\/\/api.w.org\/{rel}","templated":true}]}}