{"id":5565,"date":"2019-12-14T13:16:37","date_gmt":"2019-12-14T13:16:37","guid":{"rendered":"https:\/\/coro.meridianos.org\/?p=5565"},"modified":"2020-01-23T15:49:31","modified_gmt":"2020-01-23T15:49:31","slug":"gran-exito-y-fantastica-acogida-al-concierto-de-navidad-ofrecido-por-el-coro-meridianos-en-la-capilla-de-la-hermandad-de-montserrat","status":"publish","type":"post","link":"https:\/\/coro.meridianos.org\/index.php\/gran-exito-y-fantastica-acogida-al-concierto-de-navidad-ofrecido-por-el-coro-meridianos-en-la-capilla-de-la-hermandad-de-montserrat\/","title":{"rendered":"Gran \u00e9xito y fant\u00e1stica acogida al Concierto de Navidad ofrecido por el Coro Meridianos en la Capilla de la Hermandad de Montserrat."},"content":{"rendered":"\n<p>El pasado viernes 13 de Diciembre el Coro Meridianos brind\u00f3 un concierto ben\u00e9fico en la Capilla de la Hermandad de Montserrat, demostrando una vez m\u00e1s su calidad musical y su variado repertorio.<\/p>\n\n\n\n<p>Una vez m\u00e1s agradecemos a la Hermandad de Montserrat su acogida, cercan\u00eda y apoyo al proyecto de educaci\u00f3n musical que el Coro lleva a cabo. Tambi\u00e9n el sentido detalle que nos entreg\u00f3 al finalizar el Concierto.<\/p>\n\n\n\n<figure class=\"wp-block-image\"><img loading=\"lazy\" width=\"1024\" height=\"768\" src=\"https:\/\/coro.meridianos.org\/wp-content\/uploads\/2020\/01\/C0GhZrx3TYKh41hTCQPcVQ-1-1024x768.jpg\" alt=\"\" class=\"wp-image-5567\" srcset=\"https:\/\/coro.meridianos.org\/wp-content\/uploads\/2020\/01\/C0GhZrx3TYKh41hTCQPcVQ-1-1024x768.jpg 1024w, https:\/\/coro.meridianos.org\/wp-content\/uploads\/2020\/01\/C0GhZrx3TYKh41hTCQPcVQ-1-600x450.jpg 600w, https:\/\/coro.meridianos.org\/wp-content\/uploads\/2020\/01\/C0GhZrx3TYKh41hTCQPcVQ-1-300x225.jpg 300w, https:\/\/coro.meridianos.org\/wp-content\/uploads\/2020\/01\/C0GhZrx3TYKh41hTCQPcVQ-1-768x576.jpg 768w, https:\/\/coro.meridianos.org\/wp-content\/uploads\/2020\/01\/C0GhZrx3TYKh41hTCQPcVQ-1-400x300.jpg 400w\" sizes=\"(max-width: 1024px) 100vw, 1024px\" \/><\/figure>\n","protected":false},"excerpt":{"rendered":"<p>El pasado viernes 13 de Diciembre el Coro Meridianos brind\u00f3 un concierto ben\u00e9fico en la Capilla de la Hermandad de Montserrat, demostrando una vez m\u00e1s su calidad musical y su variado repertorio. Una vez m\u00e1s agradecemos a la Hermandad de Montserrat su acogida, cercan\u00eda y apoyo al proyecto de educaci\u00f3n musical que el Coro lleva [&hellip;]<\/p>\n","protected":false},"author":7,"featured_media":5569,"comment_status":"closed","ping_status":"closed","sticky":false,"template":"","format":"standard","meta":[],"categories":[55],"tags":[],"_links":{"self":[{"href":"https:\/\/coro.meridianos.org\/index.php\/wp-json\/wp\/v2\/posts\/5565"}],"collection":[{"href":"https:\/\/coro.meridianos.org\/index.php\/wp-json\/wp\/v2\/posts"}],"about":[{"href":"https:\/\/coro.meridianos.org\/index.php\/wp-json\/wp\/v2\/types\/post"}],"author":[{"embeddable":true,"href":"https:\/\/coro.meridianos.org\/index.php\/wp-json\/wp\/v2\/users\/7"}],"replies":[{"embeddable":true,"href":"https:\/\/coro.meridianos.org\/index.php\/wp-json\/wp\/v2\/comments?post=5565"}],"version-history":[{"count":2,"href":"https:\/\/coro.meridianos.org\/index.php\/wp-json\/wp\/v2\/posts\/5565\/revisions"}],"predecessor-version":[{"id":5570,"href":"https:\/\/coro.meridianos.org\/index.php\/wp-json\/wp\/v2\/posts\/5565\/revisions\/5570"}],"wp:featuredmedia":[{"embeddable":true,"href":"https:\/\/coro.meridianos.org\/index.php\/wp-json\/wp\/v2\/media\/5569"}],"wp:attachment":[{"href":"https:\/\/coro.meridianos.org\/index.php\/wp-json\/wp\/v2\/media?parent=5565"}],"wp:term":[{"taxonomy":"category","embeddable":true,"href":"https:\/\/coro.meridianos.org\/index.php\/wp-json\/wp\/v2\/categories?post=5565"},{"taxonomy":"post_tag","embeddable":true,"href":"https:\/\/coro.meridianos.org\/index.php\/wp-json\/wp\/v2\/tags?post=5565"}],"curies":[{"name":"wp","href":"https:\/\/api.w.org\/{rel}","templated":true}]}}