{"id":5551,"date":"2019-11-22T13:15:46","date_gmt":"2019-11-22T13:15:46","guid":{"rendered":"https:\/\/coro.meridianos.org\/?p=5551"},"modified":"2020-01-23T15:51:36","modified_gmt":"2020-01-23T15:51:36","slug":"el-coro-meridianos-ofrecio-un-concierto-en-la-hermandad-de-los-gitanos-con-motivo-del-dia-del-pueblo-gitano-andaluz","status":"publish","type":"post","link":"https:\/\/coro.meridianos.org\/index.php\/el-coro-meridianos-ofrecio-un-concierto-en-la-hermandad-de-los-gitanos-con-motivo-del-dia-del-pueblo-gitano-andaluz\/","title":{"rendered":"El Coro Meridianos ofreci\u00f3 un concierto en la Hermandad de los Gitanos con motivo del d\u00eda del Pueblo Gitano Andaluz"},"content":{"rendered":"\n<p>El 22 de noviembre el Coro Meridianos ofreci\u00f3 un emotivo concierto en el Santuario de la Hermandad con una gran acogida y aceptaci\u00f3n por parte de los Hermanos y del p\u00fablico asistente. <\/p>\n\n\n\n<p>El Concierto se enmarc\u00f3 dentro del calendario de actividades y funciones sociales de la hermandad con motivo de la celebraci\u00f3n del d\u00eda del Pueblo Gitano Andaluz. Al finalizar el mismo la Hermandad entreg\u00f3 un precioso y personal detalle al Coro como agradecimiento.<\/p>\n\n\n\n<p>Desde estas lineas agradecemos a la Hermandad Sacramental de los Gitanos su gran acogida al Coro y su apoyo a nuestro proyecto.<br><\/p>\n\n\n\n<figure class=\"wp-block-image\"><img loading=\"lazy\" width=\"1024\" height=\"768\" src=\"https:\/\/coro.meridianos.org\/wp-content\/uploads\/2020\/01\/fgfzsTQQ5aAEOoLI30vAw-1024x768.jpg\" alt=\"\" class=\"wp-image-5552\" srcset=\"https:\/\/coro.meridianos.org\/wp-content\/uploads\/2020\/01\/fgfzsTQQ5aAEOoLI30vAw-1024x768.jpg 1024w, https:\/\/coro.meridianos.org\/wp-content\/uploads\/2020\/01\/fgfzsTQQ5aAEOoLI30vAw-600x450.jpg 600w, https:\/\/coro.meridianos.org\/wp-content\/uploads\/2020\/01\/fgfzsTQQ5aAEOoLI30vAw-300x225.jpg 300w, https:\/\/coro.meridianos.org\/wp-content\/uploads\/2020\/01\/fgfzsTQQ5aAEOoLI30vAw-768x576.jpg 768w, https:\/\/coro.meridianos.org\/wp-content\/uploads\/2020\/01\/fgfzsTQQ5aAEOoLI30vAw-400x300.jpg 400w\" sizes=\"(max-width: 1024px) 100vw, 1024px\" \/><\/figure>\n","protected":false},"excerpt":{"rendered":"<p>El 22 de noviembre el Coro Meridianos ofreci\u00f3 un emotivo concierto en el Santuario de la Hermandad con una gran acogida y aceptaci\u00f3n por parte de los Hermanos y del p\u00fablico asistente. El Concierto se enmarc\u00f3 dentro del calendario de actividades y funciones sociales de la hermandad con motivo de la celebraci\u00f3n del d\u00eda del [&hellip;]<\/p>\n","protected":false},"author":7,"featured_media":5561,"comment_status":"closed","ping_status":"closed","sticky":false,"template":"","format":"standard","meta":[],"categories":[55],"tags":[],"_links":{"self":[{"href":"https:\/\/coro.meridianos.org\/index.php\/wp-json\/wp\/v2\/posts\/5551"}],"collection":[{"href":"https:\/\/coro.meridianos.org\/index.php\/wp-json\/wp\/v2\/posts"}],"about":[{"href":"https:\/\/coro.meridianos.org\/index.php\/wp-json\/wp\/v2\/types\/post"}],"author":[{"embeddable":true,"href":"https:\/\/coro.meridianos.org\/index.php\/wp-json\/wp\/v2\/users\/7"}],"replies":[{"embeddable":true,"href":"https:\/\/coro.meridianos.org\/index.php\/wp-json\/wp\/v2\/comments?post=5551"}],"version-history":[{"count":3,"href":"https:\/\/coro.meridianos.org\/index.php\/wp-json\/wp\/v2\/posts\/5551\/revisions"}],"predecessor-version":[{"id":5564,"href":"https:\/\/coro.meridianos.org\/index.php\/wp-json\/wp\/v2\/posts\/5551\/revisions\/5564"}],"wp:featuredmedia":[{"embeddable":true,"href":"https:\/\/coro.meridianos.org\/index.php\/wp-json\/wp\/v2\/media\/5561"}],"wp:attachment":[{"href":"https:\/\/coro.meridianos.org\/index.php\/wp-json\/wp\/v2\/media?parent=5551"}],"wp:term":[{"taxonomy":"category","embeddable":true,"href":"https:\/\/coro.meridianos.org\/index.php\/wp-json\/wp\/v2\/categories?post=5551"},{"taxonomy":"post_tag","embeddable":true,"href":"https:\/\/coro.meridianos.org\/index.php\/wp-json\/wp\/v2\/tags?post=5551"}],"curies":[{"name":"wp","href":"https:\/\/api.w.org\/{rel}","templated":true}]}}