{"id":5543,"date":"2019-11-22T08:49:27","date_gmt":"2019-11-22T08:49:27","guid":{"rendered":"https:\/\/coro.meridianos.org\/?p=5543"},"modified":"2020-01-23T12:55:50","modified_gmt":"2020-01-23T12:55:50","slug":"concierto-solidario-promovido-por-la-fundacion-vicente-ferrer-en-la-sede-de-la-fundacion-tres-culturas","status":"publish","type":"post","link":"https:\/\/coro.meridianos.org\/index.php\/concierto-solidario-promovido-por-la-fundacion-vicente-ferrer-en-la-sede-de-la-fundacion-tres-culturas\/","title":{"rendered":"Concierto Solidario promovido por la Fundaci\u00f3n Vicente Ferrer en  la sede de la Fundaci\u00f3n Tres Culturas"},"content":{"rendered":"\n<p>El Coro Meridianos particip\u00f3 el 22 de noviembre en  un concierto solidario para recaudar fondos a beneficio del proyecto `Bicicletas con poder\u00b4, organizado por la Fundaci\u00f3n Vicente Ferrer y la Fundaci\u00f3n Tres Culturas.<\/p>\n\n\n\n<p>El proyecto&nbsp;<em>Bicicletas con poder<\/em>&nbsp;de la Fundaci\u00f3n Vicente Ferrer promueve el reparto de bicicletas entre las estudiantes de secundaria de las zonas rurales de Anantapur, para que las ni\u00f1as dispongan de un modo seguro para llegar al instituto. La lejan\u00eda de las escuelas y la escasa seguridad de la zona propician el abandono escolar de las ni\u00f1as de las aldeas cuando llegan a secundaria, coincidiendo con su etapa de pubertad, ya que sus familias las mantienen en casa ante el peligro de agresi\u00f3n sexual en el camino al centro escolar. Las bicicletas evitan que, como consecuencia de este abandono de la escuela, las menores sean forzadas por sus familias a contraer matrimonio muy j\u00f3venes.<\/p>\n\n\n\n<p>Una vez mas el Coro Meridianos colabora fomentando la educaci\u00f3n en los lugares d\u00f3nde m\u00e1s hace falta y agradece a la Fundaci\u00f3n Vicente Ferrer su gran labor y su maravillosa acogida.<\/p>\n\n\n\n<figure class=\"wp-block-image\"><img loading=\"lazy\" width=\"1024\" height=\"768\" src=\"https:\/\/coro.meridianos.org\/wp-content\/uploads\/2020\/01\/ZGYfUFPbQJa7gbKhKWtQWw-1024x768.jpg\" alt=\"\" class=\"wp-image-5544\" srcset=\"https:\/\/coro.meridianos.org\/wp-content\/uploads\/2020\/01\/ZGYfUFPbQJa7gbKhKWtQWw-1024x768.jpg 1024w, https:\/\/coro.meridianos.org\/wp-content\/uploads\/2020\/01\/ZGYfUFPbQJa7gbKhKWtQWw-600x450.jpg 600w, https:\/\/coro.meridianos.org\/wp-content\/uploads\/2020\/01\/ZGYfUFPbQJa7gbKhKWtQWw-300x225.jpg 300w, https:\/\/coro.meridianos.org\/wp-content\/uploads\/2020\/01\/ZGYfUFPbQJa7gbKhKWtQWw-768x576.jpg 768w, https:\/\/coro.meridianos.org\/wp-content\/uploads\/2020\/01\/ZGYfUFPbQJa7gbKhKWtQWw-400x300.jpg 400w\" sizes=\"(max-width: 1024px) 100vw, 1024px\" \/><\/figure>\n\n\n\n<p><\/p>\n","protected":false},"excerpt":{"rendered":"<p>El Coro Meridianos particip\u00f3 el 22 de noviembre en un concierto solidario para recaudar fondos a beneficio del proyecto `Bicicletas con poder\u00b4, organizado por la Fundaci\u00f3n Vicente Ferrer y la Fundaci\u00f3n Tres Culturas. El proyecto&nbsp;Bicicletas con poder&nbsp;de la Fundaci\u00f3n Vicente Ferrer promueve el reparto de bicicletas entre las estudiantes de secundaria de las zonas rurales [&hellip;]<\/p>\n","protected":false},"author":7,"featured_media":5545,"comment_status":"closed","ping_status":"closed","sticky":false,"template":"","format":"standard","meta":[],"categories":[55,1],"tags":[],"_links":{"self":[{"href":"https:\/\/coro.meridianos.org\/index.php\/wp-json\/wp\/v2\/posts\/5543"}],"collection":[{"href":"https:\/\/coro.meridianos.org\/index.php\/wp-json\/wp\/v2\/posts"}],"about":[{"href":"https:\/\/coro.meridianos.org\/index.php\/wp-json\/wp\/v2\/types\/post"}],"author":[{"embeddable":true,"href":"https:\/\/coro.meridianos.org\/index.php\/wp-json\/wp\/v2\/users\/7"}],"replies":[{"embeddable":true,"href":"https:\/\/coro.meridianos.org\/index.php\/wp-json\/wp\/v2\/comments?post=5543"}],"version-history":[{"count":4,"href":"https:\/\/coro.meridianos.org\/index.php\/wp-json\/wp\/v2\/posts\/5543\/revisions"}],"predecessor-version":[{"id":5550,"href":"https:\/\/coro.meridianos.org\/index.php\/wp-json\/wp\/v2\/posts\/5543\/revisions\/5550"}],"wp:featuredmedia":[{"embeddable":true,"href":"https:\/\/coro.meridianos.org\/index.php\/wp-json\/wp\/v2\/media\/5545"}],"wp:attachment":[{"href":"https:\/\/coro.meridianos.org\/index.php\/wp-json\/wp\/v2\/media?parent=5543"}],"wp:term":[{"taxonomy":"category","embeddable":true,"href":"https:\/\/coro.meridianos.org\/index.php\/wp-json\/wp\/v2\/categories?post=5543"},{"taxonomy":"post_tag","embeddable":true,"href":"https:\/\/coro.meridianos.org\/index.php\/wp-json\/wp\/v2\/tags?post=5543"}],"curies":[{"name":"wp","href":"https:\/\/api.w.org\/{rel}","templated":true}]}}