{"id":5539,"date":"2019-11-21T08:35:35","date_gmt":"2019-11-21T08:35:35","guid":{"rendered":"https:\/\/coro.meridianos.org\/?p=5539"},"modified":"2020-01-23T12:54:52","modified_gmt":"2020-01-23T12:54:52","slug":"agradecimiento-a-tiporium-por-su-magnifico-calendario-solidario-con-el-que-han-apoyado-nuestro-proyecto","status":"publish","type":"post","link":"https:\/\/coro.meridianos.org\/index.php\/agradecimiento-a-tiporium-por-su-magnifico-calendario-solidario-con-el-que-han-apoyado-nuestro-proyecto\/","title":{"rendered":"Agradecimiento a TIPORIUM  por su magn\u00edfico Calendario Solidario, con el que han apoyado nuestro proyecto."},"content":{"rendered":"\n<p>El 21 de Noviembre recibimos de Tiporium la colaboraci\u00f3n a nuestro proyecto. Ellos han realizado un calendario artesano, con el que cada a\u00f1o dedican un porcentaje de la recaudaci\u00f3n a beneficio de un proyecto. El de 2019 se ha dedicado a la m\u00fasica y estos magn\u00edficos artesanos de la serigraf\u00eda y la imprenta decidieron colaborar con nosotros. Queremos mostrarles una vez m\u00e1s nuestro m\u00e1s sincero agradecimiento.<\/p>\n\n\n\n<figure class=\"wp-block-image\"><img loading=\"lazy\" width=\"1024\" height=\"768\" src=\"https:\/\/coro.meridianos.org\/wp-content\/uploads\/2020\/01\/diMdmXfR96LMMgNWUJBQ-1024x768.jpg\" alt=\"\" class=\"wp-image-5540\" srcset=\"https:\/\/coro.meridianos.org\/wp-content\/uploads\/2020\/01\/diMdmXfR96LMMgNWUJBQ-1024x768.jpg 1024w, https:\/\/coro.meridianos.org\/wp-content\/uploads\/2020\/01\/diMdmXfR96LMMgNWUJBQ-600x450.jpg 600w, https:\/\/coro.meridianos.org\/wp-content\/uploads\/2020\/01\/diMdmXfR96LMMgNWUJBQ-300x225.jpg 300w, https:\/\/coro.meridianos.org\/wp-content\/uploads\/2020\/01\/diMdmXfR96LMMgNWUJBQ-768x576.jpg 768w, https:\/\/coro.meridianos.org\/wp-content\/uploads\/2020\/01\/diMdmXfR96LMMgNWUJBQ-400x300.jpg 400w\" sizes=\"(max-width: 1024px) 100vw, 1024px\" \/><\/figure>\n","protected":false},"excerpt":{"rendered":"<p>El 21 de Noviembre recibimos de Tiporium la colaboraci\u00f3n a nuestro proyecto. Ellos han realizado un calendario artesano, con el que cada a\u00f1o dedican un porcentaje de la recaudaci\u00f3n a beneficio de un proyecto. El de 2019 se ha dedicado a la m\u00fasica y estos magn\u00edficos artesanos de la serigraf\u00eda y la imprenta decidieron colaborar [&hellip;]<\/p>\n","protected":false},"author":7,"featured_media":5540,"comment_status":"closed","ping_status":"closed","sticky":false,"template":"","format":"standard","meta":[],"categories":[55],"tags":[],"_links":{"self":[{"href":"https:\/\/coro.meridianos.org\/index.php\/wp-json\/wp\/v2\/posts\/5539"}],"collection":[{"href":"https:\/\/coro.meridianos.org\/index.php\/wp-json\/wp\/v2\/posts"}],"about":[{"href":"https:\/\/coro.meridianos.org\/index.php\/wp-json\/wp\/v2\/types\/post"}],"author":[{"embeddable":true,"href":"https:\/\/coro.meridianos.org\/index.php\/wp-json\/wp\/v2\/users\/7"}],"replies":[{"embeddable":true,"href":"https:\/\/coro.meridianos.org\/index.php\/wp-json\/wp\/v2\/comments?post=5539"}],"version-history":[{"count":1,"href":"https:\/\/coro.meridianos.org\/index.php\/wp-json\/wp\/v2\/posts\/5539\/revisions"}],"predecessor-version":[{"id":5542,"href":"https:\/\/coro.meridianos.org\/index.php\/wp-json\/wp\/v2\/posts\/5539\/revisions\/5542"}],"wp:featuredmedia":[{"embeddable":true,"href":"https:\/\/coro.meridianos.org\/index.php\/wp-json\/wp\/v2\/media\/5540"}],"wp:attachment":[{"href":"https:\/\/coro.meridianos.org\/index.php\/wp-json\/wp\/v2\/media?parent=5539"}],"wp:term":[{"taxonomy":"category","embeddable":true,"href":"https:\/\/coro.meridianos.org\/index.php\/wp-json\/wp\/v2\/categories?post=5539"},{"taxonomy":"post_tag","embeddable":true,"href":"https:\/\/coro.meridianos.org\/index.php\/wp-json\/wp\/v2\/tags?post=5539"}],"curies":[{"name":"wp","href":"https:\/\/api.w.org\/{rel}","templated":true}]}}