{"id":5526,"date":"2019-11-06T21:19:26","date_gmt":"2019-11-06T21:19:26","guid":{"rendered":"https:\/\/coro.meridianos.org\/?p=5526"},"modified":"2019-11-06T21:19:27","modified_gmt":"2019-11-06T21:19:27","slug":"el-coro-meridianos-gracias-a-la-colaboracion-del-colegio-claret-ofrece-un-programa-para-resolver-dudas-academicas","status":"publish","type":"post","link":"https:\/\/coro.meridianos.org\/index.php\/el-coro-meridianos-gracias-a-la-colaboracion-del-colegio-claret-ofrece-un-programa-para-resolver-dudas-academicas\/","title":{"rendered":"El Coro Meridianos, gracias a la colaboraci\u00f3n del Colegio Claret, ofrece un programa para resolver dudas acad\u00e9micas."},"content":{"rendered":"\n<p>Los ni\u00f1os y ni\u00f1as que forman parte del Coro Meridianos han empezado a recibir apoyo escolar gracias a la colaboraci\u00f3n de tres alumnos y dos profesores que forman parte del proyecto de educaci\u00f3n social del Colegio Claret de Sevilla.<\/p>\n\n\n\n<p>Los ni\u00f1os y ni\u00f1as del coro tienen a partir de ahora un espacio para poder resolver sus dudas acad\u00e9micas en materias como matem\u00e1ticas, f\u00edsica y qu\u00edmica, lengua e idiomas entre otras. <\/p>\n\n\n\n<p>Meridianos pretende con esta iniciativa ofrecer un programa de  ayuda educativa y acad\u00e9mica para que los chicos y chicas del coro puedan compaginar su formaci\u00f3n musical con sus estudios de ense\u00f1anza primaria, secundaria e incluso de bachillerato. <\/p>\n\n\n\n<p>Uno de los objetivos de este proyecto es que los miembros del Coro mejoren tambi\u00e9n sus resultados acad\u00e9micos y completen satisfactoriamente todos sus estudios, objetivo que esperamos conseguir gracias a este nuevo programa educativo.<\/p>\n\n\n\n<figure class=\"wp-block-image\"><img loading=\"lazy\" width=\"1024\" height=\"576\" src=\"https:\/\/coro.meridianos.org\/wp-content\/uploads\/2019\/11\/851373FC-12C0-44BA-A181-B1E566CF136C-1024x576.jpg\" alt=\"\" class=\"wp-image-5529\" srcset=\"https:\/\/coro.meridianos.org\/wp-content\/uploads\/2019\/11\/851373FC-12C0-44BA-A181-B1E566CF136C-1024x576.jpg 1024w, https:\/\/coro.meridianos.org\/wp-content\/uploads\/2019\/11\/851373FC-12C0-44BA-A181-B1E566CF136C-600x338.jpg 600w, https:\/\/coro.meridianos.org\/wp-content\/uploads\/2019\/11\/851373FC-12C0-44BA-A181-B1E566CF136C-300x169.jpg 300w, https:\/\/coro.meridianos.org\/wp-content\/uploads\/2019\/11\/851373FC-12C0-44BA-A181-B1E566CF136C-768x432.jpg 768w\" sizes=\"(max-width: 1024px) 100vw, 1024px\" \/><\/figure>\n","protected":false},"excerpt":{"rendered":"<p>Los ni\u00f1os y ni\u00f1as que forman parte del Coro Meridianos han empezado a recibir apoyo escolar gracias a la colaboraci\u00f3n de tres alumnos y dos profesores que forman parte del proyecto de educaci\u00f3n social del Colegio Claret de Sevilla. Los ni\u00f1os y ni\u00f1as del coro tienen a partir de ahora un espacio para poder resolver [&hellip;]<\/p>\n","protected":false},"author":7,"featured_media":5527,"comment_status":"closed","ping_status":"closed","sticky":false,"template":"","format":"standard","meta":[],"categories":[52,55],"tags":[],"_links":{"self":[{"href":"https:\/\/coro.meridianos.org\/index.php\/wp-json\/wp\/v2\/posts\/5526"}],"collection":[{"href":"https:\/\/coro.meridianos.org\/index.php\/wp-json\/wp\/v2\/posts"}],"about":[{"href":"https:\/\/coro.meridianos.org\/index.php\/wp-json\/wp\/v2\/types\/post"}],"author":[{"embeddable":true,"href":"https:\/\/coro.meridianos.org\/index.php\/wp-json\/wp\/v2\/users\/7"}],"replies":[{"embeddable":true,"href":"https:\/\/coro.meridianos.org\/index.php\/wp-json\/wp\/v2\/comments?post=5526"}],"version-history":[{"count":2,"href":"https:\/\/coro.meridianos.org\/index.php\/wp-json\/wp\/v2\/posts\/5526\/revisions"}],"predecessor-version":[{"id":5531,"href":"https:\/\/coro.meridianos.org\/index.php\/wp-json\/wp\/v2\/posts\/5526\/revisions\/5531"}],"wp:featuredmedia":[{"embeddable":true,"href":"https:\/\/coro.meridianos.org\/index.php\/wp-json\/wp\/v2\/media\/5527"}],"wp:attachment":[{"href":"https:\/\/coro.meridianos.org\/index.php\/wp-json\/wp\/v2\/media?parent=5526"}],"wp:term":[{"taxonomy":"category","embeddable":true,"href":"https:\/\/coro.meridianos.org\/index.php\/wp-json\/wp\/v2\/categories?post=5526"},{"taxonomy":"post_tag","embeddable":true,"href":"https:\/\/coro.meridianos.org\/index.php\/wp-json\/wp\/v2\/tags?post=5526"}],"curies":[{"name":"wp","href":"https:\/\/api.w.org\/{rel}","templated":true}]}}