{"id":5520,"date":"2019-09-21T08:07:48","date_gmt":"2019-09-21T08:07:48","guid":{"rendered":"https:\/\/coro.meridianos.org\/?p=5520"},"modified":"2019-09-21T08:09:00","modified_gmt":"2019-09-21T08:09:00","slug":"el-coro-meridianos-participa-en-la-clausura-de-la-primera-jornada-del-iv-foro-iberoamericano-de-alcaldes-en-factoria-cultural","status":"publish","type":"post","link":"https:\/\/coro.meridianos.org\/index.php\/el-coro-meridianos-participa-en-la-clausura-de-la-primera-jornada-del-iv-foro-iberoamericano-de-alcaldes-en-factoria-cultural\/","title":{"rendered":"El Coro Meridianos participa en la clausura de la primera jornada del IV Foro Iberoamericano de Alcaldes en Factor\u00eda Cultural."},"content":{"rendered":"\n<p>Invitados por el ICAS, Instituto de Cultura y las Artes del Ayuntamiento de Sevilla, el Coro Meridianos particip\u00f3 en la clausura, de la primera jornada del IV Foro Iberoamericano de alcaldes que en esta edici\u00f3n trata sobre el patrimonio como eje estrat\u00e9gico de la ciudad.&nbsp;El Foro&nbsp;re\u00fane a cerca de 90 participantes de una veintena de pa\u00edses americanos adem\u00e1s de los provenientes de Espa\u00f1a.<\/p>\n\n\n\n<p>Para finalizar la primera jornada los alcaldes realizaron una&nbsp;visita de campo al Pol\u00edgono Sur, acompa\u00f1ados por el Comisionado para el Pol\u00edgono Sur, visitaron entre otros espacios, el Centro de Participaci\u00f3n Activa de Mayores, que ayuda a rescatar la memoria del barrio y a construir identidad. Y posteriormente&nbsp;la Factor\u00eda Cultural,un espacio destinado a promover la transformaci\u00f3n del barrio a trav\u00e9s de la cultura. Tras una breve presentaci\u00f3n del proyecto del Coro Meridianos, los participantes del Foro pudieron disfrutar de dos temas&nbsp;&nbsp;que con gran maestr\u00eda interpretaron los alumnos del Coro.&nbsp;<\/p>\n\n\n\n<p>Desde estas l\u00edneas agradecemos una vez m\u00e1s la invitaci\u00f3n al ICAS y la labor que esta realizando para promover la cultura en el Pol\u00edgono Sur.<\/p>\n\n\n\n<figure class=\"wp-block-image\"><img loading=\"lazy\" width=\"1024\" height=\"739\" src=\"https:\/\/coro.meridianos.org\/wp-content\/uploads\/2019\/09\/PHOTO-2019-09-16-21-59-01-1024x739.jpg\" alt=\"\" class=\"wp-image-5521\" srcset=\"https:\/\/coro.meridianos.org\/wp-content\/uploads\/2019\/09\/PHOTO-2019-09-16-21-59-01.jpg 1024w, https:\/\/coro.meridianos.org\/wp-content\/uploads\/2019\/09\/PHOTO-2019-09-16-21-59-01-600x433.jpg 600w, https:\/\/coro.meridianos.org\/wp-content\/uploads\/2019\/09\/PHOTO-2019-09-16-21-59-01-300x217.jpg 300w, https:\/\/coro.meridianos.org\/wp-content\/uploads\/2019\/09\/PHOTO-2019-09-16-21-59-01-768x554.jpg 768w\" sizes=\"(max-width: 1024px) 100vw, 1024px\" \/><\/figure>\n","protected":false},"excerpt":{"rendered":"<p>Invitados por el ICAS, Instituto de Cultura y las Artes del Ayuntamiento de Sevilla, el Coro Meridianos particip\u00f3 en la clausura, de la primera jornada del IV Foro Iberoamericano de alcaldes que en esta edici\u00f3n trata sobre el patrimonio como eje estrat\u00e9gico de la ciudad.&nbsp;El Foro&nbsp;re\u00fane a cerca de 90 participantes de una veintena de [&hellip;]<\/p>\n","protected":false},"author":7,"featured_media":5521,"comment_status":"closed","ping_status":"closed","sticky":false,"template":"","format":"standard","meta":[],"categories":[52,55,1],"tags":[],"_links":{"self":[{"href":"https:\/\/coro.meridianos.org\/index.php\/wp-json\/wp\/v2\/posts\/5520"}],"collection":[{"href":"https:\/\/coro.meridianos.org\/index.php\/wp-json\/wp\/v2\/posts"}],"about":[{"href":"https:\/\/coro.meridianos.org\/index.php\/wp-json\/wp\/v2\/types\/post"}],"author":[{"embeddable":true,"href":"https:\/\/coro.meridianos.org\/index.php\/wp-json\/wp\/v2\/users\/7"}],"replies":[{"embeddable":true,"href":"https:\/\/coro.meridianos.org\/index.php\/wp-json\/wp\/v2\/comments?post=5520"}],"version-history":[{"count":1,"href":"https:\/\/coro.meridianos.org\/index.php\/wp-json\/wp\/v2\/posts\/5520\/revisions"}],"predecessor-version":[{"id":5522,"href":"https:\/\/coro.meridianos.org\/index.php\/wp-json\/wp\/v2\/posts\/5520\/revisions\/5522"}],"wp:featuredmedia":[{"embeddable":true,"href":"https:\/\/coro.meridianos.org\/index.php\/wp-json\/wp\/v2\/media\/5521"}],"wp:attachment":[{"href":"https:\/\/coro.meridianos.org\/index.php\/wp-json\/wp\/v2\/media?parent=5520"}],"wp:term":[{"taxonomy":"category","embeddable":true,"href":"https:\/\/coro.meridianos.org\/index.php\/wp-json\/wp\/v2\/categories?post=5520"},{"taxonomy":"post_tag","embeddable":true,"href":"https:\/\/coro.meridianos.org\/index.php\/wp-json\/wp\/v2\/tags?post=5520"}],"curies":[{"name":"wp","href":"https:\/\/api.w.org\/{rel}","templated":true}]}}