{"id":5518,"date":"2019-09-17T08:45:26","date_gmt":"2019-09-17T08:45:26","guid":{"rendered":"https:\/\/coro.meridianos.org\/?p=5518"},"modified":"2021-03-11T10:13:48","modified_gmt":"2021-03-11T09:13:48","slug":"la-obra-social-de-la-caixa-destaca-la-labor-del-proyecto-coro-meridianos","status":"publish","type":"post","link":"https:\/\/coro.meridianos.org\/index.php\/la-obra-social-de-la-caixa-destaca-la-labor-del-proyecto-coro-meridianos\/","title":{"rendered":"La Obra Social de la Caixa destaca la labor del proyecto Coro Meridianos"},"content":{"rendered":"\r\n<p>El pasado d\u00eda 9 de septiembre el\u00a0<a href=\"https:\/\/coro.meridianos.org\/\">Coro Meridianos<\/a>, Fundaci\u00f3n Ana Belle, Proyecto Hombre, entre otros proyectos fueron seleccionados por la\u00a0<a href=\"https:\/\/obrasociallacaixa.org\/es\/home\">Obra Social de la Caixa<\/a>, como\u00a0 proyectos destacados\u00a0 para la lucha contra la exclusi\u00f3n social.<\/p>\r\n\r\n\r\n\r\n<p>La Obra Social refiere\u00a0 que \u201cEn el momento actual, es clave luchar contra la pobreza infantil y la exclusi\u00f3n social de todos los colectivos fomentando procesos de empoderamiento personal y potenciando la familia como centro de atenci\u00f3n. Esta convocatoria tiene por finalidad facilitar el desarrollo integral y el proceso de inclusi\u00f3n social de las personas en situaci\u00f3n de vulnerabilidad, potenciando sus capacidades, favoreciendo la igualdad de oportunidades y fortaleciendo las redes de apoyo\u201d.<\/p>\r\n\r\n\r\n\r\n<p>El Coro Meridianos trabaja en el Pol\u00edgono Sur de Sevilla contra la exclusi\u00f3n de ni\u00f1os y adolescentes fomentando sus capacidades musicales como elemento de desarrollo y conexi\u00f3n social. El Pol\u00edgono Sur de Sevilla es una de las zonas con m\u00e1s dificultades sociales de la ciudad.<\/p>\r\n\r\n\r\n\r\n<p>El desarrollo de las competencias musicales permite a los alumnos mejorar en su rendimiento escolar y en habilidades sociales, potenciando la autoestima de los ni\u00f1os y j\u00f3venes.<\/p>\r\n\r\n\r\n\r\n<figure class=\"wp-block-image\"><img alt=\"\" \/><\/figure>\r\n\r\n\r\n\r\n<figure class=\"wp-block-image\"><img loading=\"lazy\" width=\"1024\" height=\"616\" class=\"wp-image-5469\" src=\"https:\/\/coro.meridianos.org\/wp-content\/uploads\/2019\/05\/UaHAxSn1TrCEamJSCSxaTQ-e1558645131724-1024x616.jpg\" alt=\"\" srcset=\"https:\/\/coro.meridianos.org\/wp-content\/uploads\/2019\/05\/UaHAxSn1TrCEamJSCSxaTQ-e1558645131724-1024x616.jpg 1024w, https:\/\/coro.meridianos.org\/wp-content\/uploads\/2019\/05\/UaHAxSn1TrCEamJSCSxaTQ-e1558645131724-600x361.jpg 600w, https:\/\/coro.meridianos.org\/wp-content\/uploads\/2019\/05\/UaHAxSn1TrCEamJSCSxaTQ-e1558645131724-300x180.jpg 300w, https:\/\/coro.meridianos.org\/wp-content\/uploads\/2019\/05\/UaHAxSn1TrCEamJSCSxaTQ-e1558645131724-768x462.jpg 768w\" sizes=\"(max-width: 1024px) 100vw, 1024px\" \/><\/figure>\r\n","protected":false},"excerpt":{"rendered":"<p>El pasado d\u00eda 9 de septiembre el\u00a0Coro Meridianos, Fundaci\u00f3n Ana Belle, Proyecto Hombre, entre otros proyectos fueron seleccionados por la\u00a0Obra Social de la Caixa, como\u00a0 proyectos destacados\u00a0 para la lucha contra la exclusi\u00f3n social. La Obra Social refiere\u00a0 que \u201cEn el momento actual, es clave luchar contra la pobreza infantil y la exclusi\u00f3n social de [&hellip;]<\/p>\n","protected":false},"author":7,"featured_media":6108,"comment_status":"closed","ping_status":"closed","sticky":false,"template":"","format":"standard","meta":[],"categories":[168],"tags":[],"_links":{"self":[{"href":"https:\/\/coro.meridianos.org\/index.php\/wp-json\/wp\/v2\/posts\/5518"}],"collection":[{"href":"https:\/\/coro.meridianos.org\/index.php\/wp-json\/wp\/v2\/posts"}],"about":[{"href":"https:\/\/coro.meridianos.org\/index.php\/wp-json\/wp\/v2\/types\/post"}],"author":[{"embeddable":true,"href":"https:\/\/coro.meridianos.org\/index.php\/wp-json\/wp\/v2\/users\/7"}],"replies":[{"embeddable":true,"href":"https:\/\/coro.meridianos.org\/index.php\/wp-json\/wp\/v2\/comments?post=5518"}],"version-history":[{"count":2,"href":"https:\/\/coro.meridianos.org\/index.php\/wp-json\/wp\/v2\/posts\/5518\/revisions"}],"predecessor-version":[{"id":5740,"href":"https:\/\/coro.meridianos.org\/index.php\/wp-json\/wp\/v2\/posts\/5518\/revisions\/5740"}],"wp:featuredmedia":[{"embeddable":true,"href":"https:\/\/coro.meridianos.org\/index.php\/wp-json\/wp\/v2\/media\/6108"}],"wp:attachment":[{"href":"https:\/\/coro.meridianos.org\/index.php\/wp-json\/wp\/v2\/media?parent=5518"}],"wp:term":[{"taxonomy":"category","embeddable":true,"href":"https:\/\/coro.meridianos.org\/index.php\/wp-json\/wp\/v2\/categories?post=5518"},{"taxonomy":"post_tag","embeddable":true,"href":"https:\/\/coro.meridianos.org\/index.php\/wp-json\/wp\/v2\/tags?post=5518"}],"curies":[{"name":"wp","href":"https:\/\/api.w.org\/{rel}","templated":true}]}}