{"id":5503,"date":"2019-07-08T09:51:51","date_gmt":"2019-07-08T09:51:51","guid":{"rendered":"https:\/\/coro.meridianos.org\/?p=5503"},"modified":"2019-07-08T09:53:45","modified_gmt":"2019-07-08T09:53:45","slug":"unidos-por-el-talento-emociona-al-poligono-sur","status":"publish","type":"post","link":"https:\/\/coro.meridianos.org\/index.php\/unidos-por-el-talento-emociona-al-poligono-sur\/","title":{"rendered":"&#8220;Unidos por el talento&#8221; emociona al Pol\u00edgono Sur"},"content":{"rendered":"\n<p>El s\u00e1bado 29 de Junio, a las 21:00 horas, pudimos disfrutar del IV Concierto &#8220;Unidos por el talento&#8221;, que se celebr\u00f3 en Factor\u00eda Cultural. En esta ocasi\u00f3n Meridianos logr\u00f3 unir el talento de dos tradiciones art\u00edsticas milenarias, el flamenco con la danza tradicional china.&nbsp;<\/p>\n\n\n\n<p>&#8220;Unidos por el talento&#8221; colabor\u00f3, de una manera excepcional, en la puesta en valor del auditorio de Factor\u00eda Cultural, apoyando la labor de promoci\u00f3n de la&nbsp;&nbsp;cultura que el ICAS desarrolla en el Pol\u00edgono Sur. Sin su ayuda, junto con la de la Consejer\u00eda de Cultura, a trav\u00e9s de la Escuela P\u00fablica de Formaci\u00f3n Cultural de Andaluc\u00eda, y el apoyo incondicional de La Caixa, hubiera sido imposible realizar este maravilloso evento.<\/p>\n\n\n\n<p>El&nbsp;<strong>Coro Meridianos<\/strong>, como anfitri\u00f3n, comenz\u00f3 el espect\u00e1culo, acompa\u00f1ado de la &nbsp;<strong>Fundaci\u00f3n Alal\u00e1<\/strong>, interpretando &#8220;El Garrot\u00edn&#8221; y  &#8220;La Leyenda del tiempo&#8221; de Camar\u00f3n.&nbsp;<\/p>\n\n\n\n<p>A continuaci\u00f3n, la&nbsp;<strong>Escuela de Danza de Shangh\u00e1i<\/strong>, nos acerc\u00f3 a las tradiciones de su cultura. Para finalizar, junto con el Coro Meridianos, interpretaron un ballet excepcional, compuesto para la ocasi\u00f3n &nbsp;por Rafael Vega, nuestro director, integrando los aires orientales con el flamenco.&nbsp;<\/p>\n\n\n\n<p>Como broche final disfrutamos de la excepcional m\u00fasica de&nbsp;<strong>Dorantes<\/strong> que ha sabido universalizar el flamenco en registros y tonalidades. Esa noche fusion\u00f3 el arte flamenco con las voces polif\u00f3nicas del Coro Meridianos y lo acompa\u00f1\u00f3 con los movimientos de la&nbsp;escuela de Danza de Shangh\u00e1i.&nbsp;<\/p>\n\n\n\n<p>En esta l\u00edneas queremos destacar, una vez m\u00e1s, la colaboraci\u00f3n especial de Dorantes y su compromiso personal por apoyar la labor social a trav\u00e9s de la m\u00fasica.&nbsp;<\/p>\n\n\n\n<p>El \u00e9xito de asistencia fue total y &#8220;Unidos por el talento&#8221; logr\u00f3, una vez m\u00e1s, emocionar a todos los asistentes, pero de una manera especial a los ni\u00f1os y ni\u00f1as de El Pol\u00edgono Sur, que sintieron la recompensa a tanto esfuerzo diario de ensayos, trabajo, desarrollo personal y superaci\u00f3n.<\/p>\n\n\n\n<figure class=\"wp-block-image\"><img loading=\"lazy\" width=\"1024\" height=\"554\" src=\"https:\/\/coro.meridianos.org\/wp-content\/uploads\/2019\/07\/CONCIERTO-CORO-1024x554.jpg\" alt=\"\" class=\"wp-image-5507\" srcset=\"https:\/\/coro.meridianos.org\/wp-content\/uploads\/2019\/07\/CONCIERTO-CORO-1024x554.jpg 1024w, https:\/\/coro.meridianos.org\/wp-content\/uploads\/2019\/07\/CONCIERTO-CORO-600x324.jpg 600w, https:\/\/coro.meridianos.org\/wp-content\/uploads\/2019\/07\/CONCIERTO-CORO-300x162.jpg 300w, https:\/\/coro.meridianos.org\/wp-content\/uploads\/2019\/07\/CONCIERTO-CORO-768x415.jpg 768w, https:\/\/coro.meridianos.org\/wp-content\/uploads\/2019\/07\/CONCIERTO-CORO.jpg 1761w\" sizes=\"(max-width: 1024px) 100vw, 1024px\" \/><figcaption>Dorantes, Coro Meridianos y Escuela de Danza de Shangh\u00e1i en un momento del tema Orobroy<\/figcaption><\/figure>\n","protected":false},"excerpt":{"rendered":"<p>El s\u00e1bado 29 de Junio, a las 21:00 horas, pudimos disfrutar del IV Concierto &#8220;Unidos por el talento&#8221;, que se celebr\u00f3 en Factor\u00eda Cultural. En esta ocasi\u00f3n Meridianos logr\u00f3 unir el talento de dos tradiciones art\u00edsticas milenarias, el flamenco con la danza tradicional china.&nbsp; &#8220;Unidos por el talento&#8221; colabor\u00f3, de una manera excepcional, en la [&hellip;]<\/p>\n","protected":false},"author":7,"featured_media":5507,"comment_status":"closed","ping_status":"closed","sticky":false,"template":"","format":"standard","meta":[],"categories":[52,55,1],"tags":[],"_links":{"self":[{"href":"https:\/\/coro.meridianos.org\/index.php\/wp-json\/wp\/v2\/posts\/5503"}],"collection":[{"href":"https:\/\/coro.meridianos.org\/index.php\/wp-json\/wp\/v2\/posts"}],"about":[{"href":"https:\/\/coro.meridianos.org\/index.php\/wp-json\/wp\/v2\/types\/post"}],"author":[{"embeddable":true,"href":"https:\/\/coro.meridianos.org\/index.php\/wp-json\/wp\/v2\/users\/7"}],"replies":[{"embeddable":true,"href":"https:\/\/coro.meridianos.org\/index.php\/wp-json\/wp\/v2\/comments?post=5503"}],"version-history":[{"count":9,"href":"https:\/\/coro.meridianos.org\/index.php\/wp-json\/wp\/v2\/posts\/5503\/revisions"}],"predecessor-version":[{"id":5515,"href":"https:\/\/coro.meridianos.org\/index.php\/wp-json\/wp\/v2\/posts\/5503\/revisions\/5515"}],"wp:featuredmedia":[{"embeddable":true,"href":"https:\/\/coro.meridianos.org\/index.php\/wp-json\/wp\/v2\/media\/5507"}],"wp:attachment":[{"href":"https:\/\/coro.meridianos.org\/index.php\/wp-json\/wp\/v2\/media?parent=5503"}],"wp:term":[{"taxonomy":"category","embeddable":true,"href":"https:\/\/coro.meridianos.org\/index.php\/wp-json\/wp\/v2\/categories?post=5503"},{"taxonomy":"post_tag","embeddable":true,"href":"https:\/\/coro.meridianos.org\/index.php\/wp-json\/wp\/v2\/tags?post=5503"}],"curies":[{"name":"wp","href":"https:\/\/api.w.org\/{rel}","templated":true}]}}