{"id":5493,"date":"2019-06-23T11:26:06","date_gmt":"2019-06-23T11:26:06","guid":{"rendered":"https:\/\/coro.meridianos.org\/?p=5493"},"modified":"2019-06-23T11:26:06","modified_gmt":"2019-06-23T11:26:06","slug":"iv-concierto-unidos-por-el-talento","status":"publish","type":"post","link":"https:\/\/coro.meridianos.org\/index.php\/iv-concierto-unidos-por-el-talento\/","title":{"rendered":"IV Concierto Unidos por el talento"},"content":{"rendered":"\n<p style=\"text-align:left\">El s\u00e1bado 29 de Junio a las 21:00 horas tendr\u00e1 lugar, en Factor\u00eda Cultural, el IV Concierto Unidos por el Talento. Para este a\u00f1o 2019 hemos querido hacer algo especial, unir el talento de dos proyectos, que promueven el desarrollo musical en El Pol\u00edgono Sur de Sevilla, el&nbsp;<strong>Coro Meridianos<\/strong>y la&nbsp;<strong>Fundaci\u00f3n Alal\u00e1<\/strong>, con la excepcional m\u00fasica de&nbsp;<strong>Dorantes<\/strong>que ha sabido universalizar el flamenco en registros y tonalidades. Pretendemos unir el arte flamenco con las voces polif\u00f3nicas del Coro Meridianos y acompa\u00f1arlo&nbsp;&nbsp;todo con los movimientos de la&nbsp;<strong>escuela de Danza de Shanghai<\/strong>, una de las mejores escuelas de Danza del mundo que visita Sevilla por primera vez.<\/p>\n\n\n\n<p> Unidos por el talento pretende poner en valor el auditorio de Factora Cultural apoyando la labor de promoci\u00f3n de la\u00a0\u00a0cultura que el ICAS desarrolla en el Pol\u00edgono Sur. Queremos destacar tambi\u00e9n la colaboraci\u00f3n especial de Dorantes y su compromiso personal por apoyar la labor social a trav\u00e9s de la m\u00fasica. <\/p>\n\n\n\n<p>Os invitamos a disfrutar de un espect\u00e1culo \u00fanico en el que sentiremos la m\u00fasica\u00a0\u00a0cl\u00e1sica, la oriental y la flamenca unidas de una manera arm\u00f3nica y dialogando entre s\u00ed.<\/p>\n\n\n\n<figure class=\"wp-block-image\"><img src=\"https:\/\/coro.meridianos.org\/wp-content\/uploads\/2019\/06\/Cartel-4-Concierto-Coro-Meridianos_DEFINITIVO-729x1024.jpg\" alt=\"\" class=\"wp-image-5494\"\/><figcaption>Cartel del IV Concierto Unidos por el Talento<\/figcaption><\/figure>\n","protected":false},"excerpt":{"rendered":"<p>El s\u00e1bado 29 de Junio a las 21:00 horas tendr\u00e1 lugar, en Factor\u00eda Cultural, el IV Concierto Unidos por el Talento. Para este a\u00f1o 2019 hemos querido hacer algo especial, unir el talento de dos proyectos, que promueven el desarrollo musical en El Pol\u00edgono Sur de Sevilla, el&nbsp;Coro Meridianosy la&nbsp;Fundaci\u00f3n Alal\u00e1, con la excepcional m\u00fasica [&hellip;]<\/p>\n","protected":false},"author":7,"featured_media":5494,"comment_status":"closed","ping_status":"closed","sticky":false,"template":"","format":"standard","meta":[],"categories":[52,55],"tags":[],"_links":{"self":[{"href":"https:\/\/coro.meridianos.org\/index.php\/wp-json\/wp\/v2\/posts\/5493"}],"collection":[{"href":"https:\/\/coro.meridianos.org\/index.php\/wp-json\/wp\/v2\/posts"}],"about":[{"href":"https:\/\/coro.meridianos.org\/index.php\/wp-json\/wp\/v2\/types\/post"}],"author":[{"embeddable":true,"href":"https:\/\/coro.meridianos.org\/index.php\/wp-json\/wp\/v2\/users\/7"}],"replies":[{"embeddable":true,"href":"https:\/\/coro.meridianos.org\/index.php\/wp-json\/wp\/v2\/comments?post=5493"}],"version-history":[{"count":5,"href":"https:\/\/coro.meridianos.org\/index.php\/wp-json\/wp\/v2\/posts\/5493\/revisions"}],"predecessor-version":[{"id":5500,"href":"https:\/\/coro.meridianos.org\/index.php\/wp-json\/wp\/v2\/posts\/5493\/revisions\/5500"}],"wp:featuredmedia":[{"embeddable":true,"href":"https:\/\/coro.meridianos.org\/index.php\/wp-json\/wp\/v2\/media\/5494"}],"wp:attachment":[{"href":"https:\/\/coro.meridianos.org\/index.php\/wp-json\/wp\/v2\/media?parent=5493"}],"wp:term":[{"taxonomy":"category","embeddable":true,"href":"https:\/\/coro.meridianos.org\/index.php\/wp-json\/wp\/v2\/categories?post=5493"},{"taxonomy":"post_tag","embeddable":true,"href":"https:\/\/coro.meridianos.org\/index.php\/wp-json\/wp\/v2\/tags?post=5493"}],"curies":[{"name":"wp","href":"https:\/\/api.w.org\/{rel}","templated":true}]}}