{"id":5488,"date":"2019-05-04T06:47:01","date_gmt":"2019-05-04T06:47:01","guid":{"rendered":"https:\/\/coro.meridianos.org\/?p=5488"},"modified":"2019-06-07T06:51:14","modified_gmt":"2019-06-07T06:51:14","slug":"dorantes-y-el-coro-meridianos-con-el-aula-de-la-experiencia","status":"publish","type":"post","link":"https:\/\/coro.meridianos.org\/index.php\/dorantes-y-el-coro-meridianos-con-el-aula-de-la-experiencia\/","title":{"rendered":"Dorantes y el Coro Meridianos con el aula de la experiencia"},"content":{"rendered":"\n<p>El Coro de Meridianos actu\u00f3 con el pianista flamenco Dorantes en&nbsp; la clausura del X curso del aula de la experiencia de la universidad de Sevilla, que se celebr\u00f3 en Mairena del Aljarafe el pasado 3 de mayo y&nbsp; cuyo lema fue \u201cMairena por la innovaci\u00f3n\u201d.<\/p>\n\n\n\n<p>Invitados por el pianista flamenco Dorantes, los chicos\/as del coro interpretaron los dos \u00faltimos temas del concierto con el que se cerraba el acto: \u201cOrobroy\u201d y \u201cCaravana&nbsp;de los Zincal\u00ed\u201d.<\/p>\n\n\n\n<p>El aula de la experiencia&nbsp; ofrece un espacio de formaci\u00f3n y encuentro para hombres y mujeres mayores con o sin titulaci\u00f3n universitaria.<\/p>\n\n\n\n<p>Desde Meridianos se agradeci\u00f3 el apoyo de Dorantes al Coro. Se valora especialmente el alto nivel motivacional que consigue &nbsp;de los ni\u00f1os y j\u00f3venes. Dorantes en sus colaboraciones ha conseguido optimizar el proceso de aprendizaje a trav\u00e9s de la implicaci\u00f3n emocional de los alumnos.<\/p>\n\n\n\n<p style=\"font-size:0\">Dorantes\u00a0 previamente hab\u00eda realizado varias actuaciones con el coro de Meridianos en actividades como el concierto Unidos por el Talento que cont\u00f3 con la colaboraci\u00f3n de la orquesta joven de Shangay o\u00a0 en la grabaci\u00f3n de su ultimo trabajo musical \u201c El tiempo por testigo\u201d que ha servido para la presentaci\u00f3n tur\u00edstica\u00a0 internacional de la provincia de Sevilla.<\/p>\n\n\n\n<div class=\"wp-block-image\"><figure class=\"aligncenter\"><img loading=\"lazy\" width=\"1024\" height=\"768\" src=\"https:\/\/coro.meridianos.org\/wp-content\/uploads\/2019\/06\/hywiCL2TLyIOxRd4pmGQQ-1024x768.jpg\" alt=\"\" class=\"wp-image-5490\" srcset=\"https:\/\/coro.meridianos.org\/wp-content\/uploads\/2019\/06\/hywiCL2TLyIOxRd4pmGQQ-1024x768.jpg 1024w, https:\/\/coro.meridianos.org\/wp-content\/uploads\/2019\/06\/hywiCL2TLyIOxRd4pmGQQ-600x450.jpg 600w, https:\/\/coro.meridianos.org\/wp-content\/uploads\/2019\/06\/hywiCL2TLyIOxRd4pmGQQ-300x225.jpg 300w, https:\/\/coro.meridianos.org\/wp-content\/uploads\/2019\/06\/hywiCL2TLyIOxRd4pmGQQ-768x576.jpg 768w, https:\/\/coro.meridianos.org\/wp-content\/uploads\/2019\/06\/hywiCL2TLyIOxRd4pmGQQ-400x300.jpg 400w\" sizes=\"(max-width: 1024px) 100vw, 1024px\" \/><\/figure><\/div>\n","protected":false},"excerpt":{"rendered":"<p>El Coro de Meridianos actu\u00f3 con el pianista flamenco Dorantes en&nbsp; la clausura del X curso del aula de la experiencia de la universidad de Sevilla, que se celebr\u00f3 en Mairena del Aljarafe el pasado 3 de mayo y&nbsp; cuyo lema fue \u201cMairena por la innovaci\u00f3n\u201d. Invitados por el pianista flamenco Dorantes, los chicos\/as del [&hellip;]<\/p>\n","protected":false},"author":7,"featured_media":5490,"comment_status":"closed","ping_status":"closed","sticky":false,"template":"","format":"standard","meta":[],"categories":[55],"tags":[],"_links":{"self":[{"href":"https:\/\/coro.meridianos.org\/index.php\/wp-json\/wp\/v2\/posts\/5488"}],"collection":[{"href":"https:\/\/coro.meridianos.org\/index.php\/wp-json\/wp\/v2\/posts"}],"about":[{"href":"https:\/\/coro.meridianos.org\/index.php\/wp-json\/wp\/v2\/types\/post"}],"author":[{"embeddable":true,"href":"https:\/\/coro.meridianos.org\/index.php\/wp-json\/wp\/v2\/users\/7"}],"replies":[{"embeddable":true,"href":"https:\/\/coro.meridianos.org\/index.php\/wp-json\/wp\/v2\/comments?post=5488"}],"version-history":[{"count":2,"href":"https:\/\/coro.meridianos.org\/index.php\/wp-json\/wp\/v2\/posts\/5488\/revisions"}],"predecessor-version":[{"id":5491,"href":"https:\/\/coro.meridianos.org\/index.php\/wp-json\/wp\/v2\/posts\/5488\/revisions\/5491"}],"wp:featuredmedia":[{"embeddable":true,"href":"https:\/\/coro.meridianos.org\/index.php\/wp-json\/wp\/v2\/media\/5490"}],"wp:attachment":[{"href":"https:\/\/coro.meridianos.org\/index.php\/wp-json\/wp\/v2\/media?parent=5488"}],"wp:term":[{"taxonomy":"category","embeddable":true,"href":"https:\/\/coro.meridianos.org\/index.php\/wp-json\/wp\/v2\/categories?post=5488"},{"taxonomy":"post_tag","embeddable":true,"href":"https:\/\/coro.meridianos.org\/index.php\/wp-json\/wp\/v2\/tags?post=5488"}],"curies":[{"name":"wp","href":"https:\/\/api.w.org\/{rel}","templated":true}]}}