{"id":5468,"date":"2018-11-15T14:14:07","date_gmt":"2018-11-15T14:14:07","guid":{"rendered":"https:\/\/coro.meridianos.org\/?p=5468"},"modified":"2019-05-23T14:29:36","modified_gmt":"2019-05-23T14:29:36","slug":"la-fundacion-bancaria-de-la-caixa-colabora-con-el-coro-meridianos","status":"publish","type":"post","link":"https:\/\/coro.meridianos.org\/index.php\/la-fundacion-bancaria-de-la-caixa-colabora-con-el-coro-meridianos\/","title":{"rendered":"La Fundaci\u00f3n Bancaria de La Caixa colabora con el Coro Meridianos"},"content":{"rendered":"\n<p>Hoy gracias a la Fundaci\u00f3n Bancaria de la Caixa, el Coro Meridianos retomar\u00e1 sus ensayos. Con esta colaboraci\u00f3n el Coro continuar\u00e1 ofreciendo la posibilidad de desarrollar su talento a los ni\u00f1os y j\u00f3venes de El Pol\u00edgono Sur de Sevilla.<\/p>\n\n\n\n<p><img class=\"wp-image-5469\" src=\"https:\/\/coro.meridianos.org\/wp-content\/uploads\/2019\/05\/UaHAxSn1TrCEamJSCSxaTQ.jpg\" alt=\"\" style=\"width: 2000px;\"><\/p>\n","protected":false},"excerpt":{"rendered":"<p>Hoy gracias a la Fundaci\u00f3n Bancaria de la Caixa, el Coro Meridianos retomar\u00e1 sus ensayos. Con esta colaboraci\u00f3n el Coro continuar\u00e1 ofreciendo la posibilidad de desarrollar su talento a los ni\u00f1os y j\u00f3venes de El Pol\u00edgono Sur de Sevilla.<\/p>\n","protected":false},"author":7,"featured_media":5469,"comment_status":"closed","ping_status":"closed","sticky":false,"template":"","format":"standard","meta":[],"categories":[55],"tags":[],"_links":{"self":[{"href":"https:\/\/coro.meridianos.org\/index.php\/wp-json\/wp\/v2\/posts\/5468"}],"collection":[{"href":"https:\/\/coro.meridianos.org\/index.php\/wp-json\/wp\/v2\/posts"}],"about":[{"href":"https:\/\/coro.meridianos.org\/index.php\/wp-json\/wp\/v2\/types\/post"}],"author":[{"embeddable":true,"href":"https:\/\/coro.meridianos.org\/index.php\/wp-json\/wp\/v2\/users\/7"}],"replies":[{"embeddable":true,"href":"https:\/\/coro.meridianos.org\/index.php\/wp-json\/wp\/v2\/comments?post=5468"}],"version-history":[{"count":3,"href":"https:\/\/coro.meridianos.org\/index.php\/wp-json\/wp\/v2\/posts\/5468\/revisions"}],"predecessor-version":[{"id":5472,"href":"https:\/\/coro.meridianos.org\/index.php\/wp-json\/wp\/v2\/posts\/5468\/revisions\/5472"}],"wp:featuredmedia":[{"embeddable":true,"href":"https:\/\/coro.meridianos.org\/index.php\/wp-json\/wp\/v2\/media\/5469"}],"wp:attachment":[{"href":"https:\/\/coro.meridianos.org\/index.php\/wp-json\/wp\/v2\/media?parent=5468"}],"wp:term":[{"taxonomy":"category","embeddable":true,"href":"https:\/\/coro.meridianos.org\/index.php\/wp-json\/wp\/v2\/categories?post=5468"},{"taxonomy":"post_tag","embeddable":true,"href":"https:\/\/coro.meridianos.org\/index.php\/wp-json\/wp\/v2\/tags?post=5468"}],"curies":[{"name":"wp","href":"https:\/\/api.w.org\/{rel}","templated":true}]}}