{"id":5425,"date":"2018-07-06T07:40:02","date_gmt":"2018-07-06T07:40:02","guid":{"rendered":"https:\/\/coro.meridianos.org\/?p=5425"},"modified":"2018-07-06T07:42:10","modified_gmt":"2018-07-06T07:42:10","slug":"concierto-benefico-de-dorantes","status":"publish","type":"post","link":"https:\/\/coro.meridianos.org\/index.php\/concierto-benefico-de-dorantes\/","title":{"rendered":"Concierto Ben\u00e9fico de Dorantes"},"content":{"rendered":"<p>El pr\u00f3ximo 12 de julio tendr\u00e1 lugar en la ciudad malague\u00f1a de Ronda un concierto ben\u00e9fico a cargo de Dorantes con la colaboraci\u00f3n del Coro Meridianos. Ser\u00e1 en el auditorio Blas Infante a las 9 de la noche, y los fondos recaudados iran destinados a las organizaciones\u00a0AYUCA\u00a0e\u00a0Infancia Solidaria. Con esta colaboraci\u00f3n cierra el Coro Meridianos su temporada.<\/p>\n","protected":false},"excerpt":{"rendered":"<p>El pr\u00f3ximo 12 de julio tendr\u00e1 lugar en la ciudad malague\u00f1a de Ronda un concierto ben\u00e9fico a cargo de Dorantes con la colaboraci\u00f3n del Coro Meridianos. Ser\u00e1 en el auditorio Blas Infante a las 9 de la noche, y los fondos recaudados iran destinados a las organizaciones\u00a0AYUCA\u00a0e\u00a0Infancia Solidaria. Con esta colaboraci\u00f3n cierra el Coro Meridianos [&hellip;]<\/p>\n","protected":false},"author":7,"featured_media":4884,"comment_status":"closed","ping_status":"closed","sticky":false,"template":"","format":"standard","meta":[],"categories":[55,1],"tags":[],"_links":{"self":[{"href":"https:\/\/coro.meridianos.org\/index.php\/wp-json\/wp\/v2\/posts\/5425"}],"collection":[{"href":"https:\/\/coro.meridianos.org\/index.php\/wp-json\/wp\/v2\/posts"}],"about":[{"href":"https:\/\/coro.meridianos.org\/index.php\/wp-json\/wp\/v2\/types\/post"}],"author":[{"embeddable":true,"href":"https:\/\/coro.meridianos.org\/index.php\/wp-json\/wp\/v2\/users\/7"}],"replies":[{"embeddable":true,"href":"https:\/\/coro.meridianos.org\/index.php\/wp-json\/wp\/v2\/comments?post=5425"}],"version-history":[{"count":1,"href":"https:\/\/coro.meridianos.org\/index.php\/wp-json\/wp\/v2\/posts\/5425\/revisions"}],"predecessor-version":[{"id":5427,"href":"https:\/\/coro.meridianos.org\/index.php\/wp-json\/wp\/v2\/posts\/5425\/revisions\/5427"}],"wp:featuredmedia":[{"embeddable":true,"href":"https:\/\/coro.meridianos.org\/index.php\/wp-json\/wp\/v2\/media\/4884"}],"wp:attachment":[{"href":"https:\/\/coro.meridianos.org\/index.php\/wp-json\/wp\/v2\/media?parent=5425"}],"wp:term":[{"taxonomy":"category","embeddable":true,"href":"https:\/\/coro.meridianos.org\/index.php\/wp-json\/wp\/v2\/categories?post=5425"},{"taxonomy":"post_tag","embeddable":true,"href":"https:\/\/coro.meridianos.org\/index.php\/wp-json\/wp\/v2\/tags?post=5425"}],"curies":[{"name":"wp","href":"https:\/\/api.w.org\/{rel}","templated":true}]}}