{"id":5418,"date":"2018-07-05T08:18:27","date_gmt":"2018-07-05T08:18:27","guid":{"rendered":"https:\/\/coro.meridianos.org\/?p=5418"},"modified":"2018-07-05T08:18:27","modified_gmt":"2018-07-05T08:18:27","slug":"gran-exito-del-ciclo-coral-meridianos-unidos-por-el-talento","status":"publish","type":"post","link":"https:\/\/coro.meridianos.org\/index.php\/gran-exito-del-ciclo-coral-meridianos-unidos-por-el-talento\/","title":{"rendered":"Gran \u00e9xito del Ciclo Coral Meridianos &#8220;Unidos por el Talento&#8221;"},"content":{"rendered":"<p>El pasado martes 3 de julio finaliz\u00f3 en la Factor\u00eda Cultural el Ciclo Coral Meridianos &#8220;Unidos por el Talento&#8221;; tres conciertos en los que el Coro Meridianos comparti\u00f3 escenario con diferentes agrupaciones corales: dos de Estados Unidos y una de Sevilla. Con una gran afluencia de p\u00fablico, cada concierto tuvo un car\u00e1cter y un esp\u00edritu diferente y dio una muestra de la variedad del mundo coral, del refinamiento del Hopkins Concert Choir a la pasi\u00f3n de Singing Sensations. Un evento \u00fanico en nuestra ciudad que ha captado la atenci\u00f3n del p\u00fablico y los medios y que ha supuesto una gran experiencia humana y cultural para los chicos y chicas del coro.<\/p>\n","protected":false},"excerpt":{"rendered":"<p>El pasado martes 3 de julio finaliz\u00f3 en la Factor\u00eda Cultural el Ciclo Coral Meridianos &#8220;Unidos por el Talento&#8221;; tres conciertos en los que el Coro Meridianos comparti\u00f3 escenario con diferentes agrupaciones corales: dos de Estados Unidos y una de Sevilla. Con una gran afluencia de p\u00fablico, cada concierto tuvo un car\u00e1cter y un esp\u00edritu [&hellip;]<\/p>\n","protected":false},"author":7,"featured_media":5419,"comment_status":"closed","ping_status":"closed","sticky":false,"template":"","format":"standard","meta":[],"categories":[55],"tags":[],"_links":{"self":[{"href":"https:\/\/coro.meridianos.org\/index.php\/wp-json\/wp\/v2\/posts\/5418"}],"collection":[{"href":"https:\/\/coro.meridianos.org\/index.php\/wp-json\/wp\/v2\/posts"}],"about":[{"href":"https:\/\/coro.meridianos.org\/index.php\/wp-json\/wp\/v2\/types\/post"}],"author":[{"embeddable":true,"href":"https:\/\/coro.meridianos.org\/index.php\/wp-json\/wp\/v2\/users\/7"}],"replies":[{"embeddable":true,"href":"https:\/\/coro.meridianos.org\/index.php\/wp-json\/wp\/v2\/comments?post=5418"}],"version-history":[{"count":1,"href":"https:\/\/coro.meridianos.org\/index.php\/wp-json\/wp\/v2\/posts\/5418\/revisions"}],"predecessor-version":[{"id":5420,"href":"https:\/\/coro.meridianos.org\/index.php\/wp-json\/wp\/v2\/posts\/5418\/revisions\/5420"}],"wp:featuredmedia":[{"embeddable":true,"href":"https:\/\/coro.meridianos.org\/index.php\/wp-json\/wp\/v2\/media\/5419"}],"wp:attachment":[{"href":"https:\/\/coro.meridianos.org\/index.php\/wp-json\/wp\/v2\/media?parent=5418"}],"wp:term":[{"taxonomy":"category","embeddable":true,"href":"https:\/\/coro.meridianos.org\/index.php\/wp-json\/wp\/v2\/categories?post=5418"},{"taxonomy":"post_tag","embeddable":true,"href":"https:\/\/coro.meridianos.org\/index.php\/wp-json\/wp\/v2\/tags?post=5418"}],"curies":[{"name":"wp","href":"https:\/\/api.w.org\/{rel}","templated":true}]}}