{"id":5162,"date":"2018-06-05T08:54:26","date_gmt":"2018-06-05T08:54:26","guid":{"rendered":"https:\/\/coro.meridianos.org\/?p=5162"},"modified":"2018-06-28T13:51:11","modified_gmt":"2018-06-28T13:51:11","slug":"ciclo-coral-meridianos-unidos-por-el-talento","status":"publish","type":"post","link":"https:\/\/coro.meridianos.org\/index.php\/ciclo-coral-meridianos-unidos-por-el-talento\/","title":{"rendered":"Ciclo Coral Meridianos &#8220;Unidos por el Talento&#8221;"},"content":{"rendered":"<p><a href=\"https:\/\/coro.meridianos.org\/wp-content\/uploads\/2018\/06\/CARTEL-A3-TERCER-CONCIERTO-CICLO-CORAL3.jpg\"><img loading=\"lazy\" class=\"alignleft wp-image-5398 \" src=\"https:\/\/coro.meridianos.org\/wp-content\/uploads\/2018\/06\/CARTEL-A3-TERCER-CONCIERTO-CICLO-CORAL3-214x300.jpg\" alt=\"\" width=\"278\" height=\"389\" srcset=\"https:\/\/coro.meridianos.org\/wp-content\/uploads\/2018\/06\/CARTEL-A3-TERCER-CONCIERTO-CICLO-CORAL3-214x300.jpg 214w, https:\/\/coro.meridianos.org\/wp-content\/uploads\/2018\/06\/CARTEL-A3-TERCER-CONCIERTO-CICLO-CORAL3-600x842.jpg 600w, https:\/\/coro.meridianos.org\/wp-content\/uploads\/2018\/06\/CARTEL-A3-TERCER-CONCIERTO-CICLO-CORAL3-768x1077.jpg 768w, https:\/\/coro.meridianos.org\/wp-content\/uploads\/2018\/06\/CARTEL-A3-TERCER-CONCIERTO-CICLO-CORAL3-730x1024.jpg 730w, https:\/\/coro.meridianos.org\/wp-content\/uploads\/2018\/06\/CARTEL-A3-TERCER-CONCIERTO-CICLO-CORAL3.jpg 1802w\" sizes=\"(max-width: 278px) 100vw, 278px\" \/><\/a>El <strong>Ciclo Coral Meridianos<\/strong> \u201cUnidos por el Talento\u201d,<strong>\u00a0<\/strong>organizado por <strong>Meridianos<\/strong> y <strong>Classical Movements<\/strong>, y con patrocinio de <strong>La Caixa<\/strong>,\u00a0es un ciclo gratuito de 3 conciertos\u00a0en el que los ni\u00f1os del Coro Meridianos tendr\u00e1n el privilegio de cantar con 3 coros de diferentes ciudades del mundo. El primer concierto, que se celebr\u00f3 el 14 de Junio, trajo, por primera vez en Espa\u00f1a, al\u00a0Hopkins Concert Choir de la ciudad de New Haven, el programa coral de una de las instituciones educativas m\u00e1s antiguas de Estados Unidos. El siguiente concierto, reuni\u00f3 el 22 de Junio al Coro Meridianos con el Coro y Escolan\u00eda del Colegio San Francisco de Paula y la joven pianista Kaeun Park.<\/p>\n<p>Para el <strong>\u00faltimo concierto, el 3 de Julio<\/strong>, el Coro Meridianos colaborar\u00e1 con el din\u00e1mico coro americano Singing Sensations, un coro joven, de orientaci\u00f3n g\u00f3spel, del \u00e1rea metropolitana de Baltimore,\u00a0en el edificio de la Factor\u00eda Cultural del Pol\u00edgono Sur. Para la realizaci\u00f3n de este concierto el Coro Meridianos ha elegido un Piano Yamaha.<\/p>\n<p>Podr\u00e1<em><strong>\u00a0<\/strong><\/em>recoger las <strong>entradas<\/strong> en las t<strong>aquillas del teatro Lope de Vega y Factor\u00eda Cultural<\/strong> desde el 27 de junio.<\/p>\n<p>Singing Sensations\u00a0nace con la convicci\u00f3n de que el arte debe estar al alcance de todos, independientemente de su procedencia, como instrumento de mejora y desarrollo social. Un encuentro excepcional de culturas, m\u00fasica y objetivos comunes.<\/p>\n<p>El Ciclo<em><strong>,\u00a0<\/strong><\/em>es el fruto de un recorrido de m\u00e1s de 5 a\u00f1os de ensayos, aprendizaje, experiencias y conciertos. El Coro es un proyecto que busca construir un factor de protecci\u00f3n estimulando a ni\u00f1os y ni\u00f1as con altas capacidades musicales del Pol\u00edgono Sur y alrededores. En Meridianos creemos que el est\u00edmulo de las capacidades y talentos motiva el esfuerzo, la disciplina y ofrece sentido y objetivos a largo plazo.<\/p>\n","protected":false},"excerpt":{"rendered":"<p>El Ciclo Coral Meridianos \u201cUnidos por el Talento\u201d,\u00a0organizado por Meridianos y Classical Movements, y con patrocinio de La Caixa,\u00a0es un ciclo gratuito de 3 conciertos\u00a0en el que los ni\u00f1os del Coro Meridianos tendr\u00e1n el privilegio de cantar con 3 coros de diferentes ciudades del mundo. El primer concierto, que se celebr\u00f3 el 14 de Junio, [&hellip;]<\/p>\n","protected":false},"author":7,"featured_media":5015,"comment_status":"closed","ping_status":"closed","sticky":false,"template":"","format":"standard","meta":[],"categories":[55],"tags":[],"_links":{"self":[{"href":"https:\/\/coro.meridianos.org\/index.php\/wp-json\/wp\/v2\/posts\/5162"}],"collection":[{"href":"https:\/\/coro.meridianos.org\/index.php\/wp-json\/wp\/v2\/posts"}],"about":[{"href":"https:\/\/coro.meridianos.org\/index.php\/wp-json\/wp\/v2\/types\/post"}],"author":[{"embeddable":true,"href":"https:\/\/coro.meridianos.org\/index.php\/wp-json\/wp\/v2\/users\/7"}],"replies":[{"embeddable":true,"href":"https:\/\/coro.meridianos.org\/index.php\/wp-json\/wp\/v2\/comments?post=5162"}],"version-history":[{"count":7,"href":"https:\/\/coro.meridianos.org\/index.php\/wp-json\/wp\/v2\/posts\/5162\/revisions"}],"predecessor-version":[{"id":5402,"href":"https:\/\/coro.meridianos.org\/index.php\/wp-json\/wp\/v2\/posts\/5162\/revisions\/5402"}],"wp:featuredmedia":[{"embeddable":true,"href":"https:\/\/coro.meridianos.org\/index.php\/wp-json\/wp\/v2\/media\/5015"}],"wp:attachment":[{"href":"https:\/\/coro.meridianos.org\/index.php\/wp-json\/wp\/v2\/media?parent=5162"}],"wp:term":[{"taxonomy":"category","embeddable":true,"href":"https:\/\/coro.meridianos.org\/index.php\/wp-json\/wp\/v2\/categories?post=5162"},{"taxonomy":"post_tag","embeddable":true,"href":"https:\/\/coro.meridianos.org\/index.php\/wp-json\/wp\/v2\/tags?post=5162"}],"curies":[{"name":"wp","href":"https:\/\/api.w.org\/{rel}","templated":true}]}}