{"id":5160,"date":"2018-06-02T10:10:13","date_gmt":"2018-06-02T10:10:13","guid":{"rendered":"https:\/\/coro.meridianos.org\/?p=5160"},"modified":"2018-06-02T10:10:13","modified_gmt":"2018-06-02T10:10:13","slug":"la-ross-en-tu-aula","status":"publish","type":"post","link":"https:\/\/coro.meridianos.org\/index.php\/la-ross-en-tu-aula\/","title":{"rendered":"La ROSS en tu aula"},"content":{"rendered":"<p>El pr\u00f3ximo s\u00e1bado 9 de junio, los componentes de la Academia Orquestal Meridianos participar\u00e1n en el concierto que culmina este proyecto pedag\u00f3gico que la Real Orquestal Sinf\u00f3nica de Sevilla realiza cada a\u00f1o con diferentes centros educativos de la ciudad. Este a\u00f1o es la primera vez que participa en la iniciativa una orquesta juvenil.<\/p>\n<p>Toda la informaci\u00f3n del concierto est\u00e1 disponible en:<\/p>\n<p><a href=\"http:\/\/www.rossevilla.es\/programacion\/237_CONCIERTO_DIDACTICO_MATINAL_EN_FAMILIA.html\">http:\/\/www.rossevilla.es\/programacion\/237_CONCIERTO_DIDACTICO_MATINAL_EN_FAMILIA.html<\/a><\/p>\n","protected":false},"excerpt":{"rendered":"<p>El pr\u00f3ximo s\u00e1bado 9 de junio, los componentes de la Academia Orquestal Meridianos participar\u00e1n en el concierto que culmina este proyecto pedag\u00f3gico que la Real Orquestal Sinf\u00f3nica de Sevilla realiza cada a\u00f1o con diferentes centros educativos de la ciudad. Este a\u00f1o es la primera vez que participa en la iniciativa una orquesta juvenil. Toda la [&hellip;]<\/p>\n","protected":false},"author":7,"featured_media":5164,"comment_status":"closed","ping_status":"closed","sticky":false,"template":"","format":"standard","meta":[],"categories":[55],"tags":[],"_links":{"self":[{"href":"https:\/\/coro.meridianos.org\/index.php\/wp-json\/wp\/v2\/posts\/5160"}],"collection":[{"href":"https:\/\/coro.meridianos.org\/index.php\/wp-json\/wp\/v2\/posts"}],"about":[{"href":"https:\/\/coro.meridianos.org\/index.php\/wp-json\/wp\/v2\/types\/post"}],"author":[{"embeddable":true,"href":"https:\/\/coro.meridianos.org\/index.php\/wp-json\/wp\/v2\/users\/7"}],"replies":[{"embeddable":true,"href":"https:\/\/coro.meridianos.org\/index.php\/wp-json\/wp\/v2\/comments?post=5160"}],"version-history":[{"count":1,"href":"https:\/\/coro.meridianos.org\/index.php\/wp-json\/wp\/v2\/posts\/5160\/revisions"}],"predecessor-version":[{"id":5161,"href":"https:\/\/coro.meridianos.org\/index.php\/wp-json\/wp\/v2\/posts\/5160\/revisions\/5161"}],"wp:featuredmedia":[{"embeddable":true,"href":"https:\/\/coro.meridianos.org\/index.php\/wp-json\/wp\/v2\/media\/5164"}],"wp:attachment":[{"href":"https:\/\/coro.meridianos.org\/index.php\/wp-json\/wp\/v2\/media?parent=5160"}],"wp:term":[{"taxonomy":"category","embeddable":true,"href":"https:\/\/coro.meridianos.org\/index.php\/wp-json\/wp\/v2\/categories?post=5160"},{"taxonomy":"post_tag","embeddable":true,"href":"https:\/\/coro.meridianos.org\/index.php\/wp-json\/wp\/v2\/tags?post=5160"}],"curies":[{"name":"wp","href":"https:\/\/api.w.org\/{rel}","templated":true}]}}