{"id":5154,"date":"2018-05-15T10:01:06","date_gmt":"2018-05-15T10:01:06","guid":{"rendered":"https:\/\/coro.meridianos.org\/?p=5154"},"modified":"2018-05-15T10:01:06","modified_gmt":"2018-05-15T10:01:06","slug":"entrega-de-la-medalla-de-oro-de-la-provincia-a-dorantes","status":"publish","type":"post","link":"https:\/\/coro.meridianos.org\/index.php\/entrega-de-la-medalla-de-oro-de-la-provincia-a-dorantes\/","title":{"rendered":"Entrega de la Medalla de Oro de la Provincia a Dorantes"},"content":{"rendered":"<p>El pianista Dorantes recibir\u00e1 el pr\u00f3ximo d\u00eda 23 de mayo la Medalla de Oro de la Provincia en el Patio de la Diputaci\u00f3n de Sevilla. Para tan se\u00f1alado evento ha querido contar con el Coro Meridianos que le acompa\u00f1ar\u00e1 en su intervenci\u00f3n cantando su conocido tema &#8220;Orobroy&#8221; (que ya grab\u00f3 el coro con Dorantes el a\u00f1o pasado) y el Himno de Andaluc\u00eda.<\/p>\n","protected":false},"excerpt":{"rendered":"<p>El pianista Dorantes recibir\u00e1 el pr\u00f3ximo d\u00eda 23 de mayo la Medalla de Oro de la Provincia en el Patio de la Diputaci\u00f3n de Sevilla. Para tan se\u00f1alado evento ha querido contar con el Coro Meridianos que le acompa\u00f1ar\u00e1 en su intervenci\u00f3n cantando su conocido tema &#8220;Orobroy&#8221; (que ya grab\u00f3 el coro con Dorantes el [&hellip;]<\/p>\n","protected":false},"author":7,"featured_media":5155,"comment_status":"closed","ping_status":"closed","sticky":false,"template":"","format":"standard","meta":[],"categories":[55],"tags":[],"_links":{"self":[{"href":"https:\/\/coro.meridianos.org\/index.php\/wp-json\/wp\/v2\/posts\/5154"}],"collection":[{"href":"https:\/\/coro.meridianos.org\/index.php\/wp-json\/wp\/v2\/posts"}],"about":[{"href":"https:\/\/coro.meridianos.org\/index.php\/wp-json\/wp\/v2\/types\/post"}],"author":[{"embeddable":true,"href":"https:\/\/coro.meridianos.org\/index.php\/wp-json\/wp\/v2\/users\/7"}],"replies":[{"embeddable":true,"href":"https:\/\/coro.meridianos.org\/index.php\/wp-json\/wp\/v2\/comments?post=5154"}],"version-history":[{"count":1,"href":"https:\/\/coro.meridianos.org\/index.php\/wp-json\/wp\/v2\/posts\/5154\/revisions"}],"predecessor-version":[{"id":5156,"href":"https:\/\/coro.meridianos.org\/index.php\/wp-json\/wp\/v2\/posts\/5154\/revisions\/5156"}],"wp:featuredmedia":[{"embeddable":true,"href":"https:\/\/coro.meridianos.org\/index.php\/wp-json\/wp\/v2\/media\/5155"}],"wp:attachment":[{"href":"https:\/\/coro.meridianos.org\/index.php\/wp-json\/wp\/v2\/media?parent=5154"}],"wp:term":[{"taxonomy":"category","embeddable":true,"href":"https:\/\/coro.meridianos.org\/index.php\/wp-json\/wp\/v2\/categories?post=5154"},{"taxonomy":"post_tag","embeddable":true,"href":"https:\/\/coro.meridianos.org\/index.php\/wp-json\/wp\/v2\/tags?post=5154"}],"curies":[{"name":"wp","href":"https:\/\/api.w.org\/{rel}","templated":true}]}}