{"id":5105,"date":"2018-03-20T11:42:48","date_gmt":"2018-03-20T11:42:48","guid":{"rendered":"https:\/\/coro.meridianos.org\/?p=5105"},"modified":"2018-03-20T11:42:48","modified_gmt":"2018-03-20T11:42:48","slug":"colaboracion-con-la-real-orquesta-sinfonica-de-sevilla","status":"publish","type":"post","link":"https:\/\/coro.meridianos.org\/index.php\/colaboracion-con-la-real-orquesta-sinfonica-de-sevilla\/","title":{"rendered":"Colaboraci\u00f3n con la Real Orquesta Sinf\u00f3nica de Sevilla"},"content":{"rendered":"<p>De<a href=\"https:\/\/coro.meridianos.org\/wp-content\/uploads\/2018\/03\/IMG-20180319-WA0018.jpg\"><img loading=\"lazy\" class=\"size-thumbnail wp-image-5106 alignleft\" src=\"https:\/\/coro.meridianos.org\/wp-content\/uploads\/2018\/03\/IMG-20180319-WA0018-150x150.jpg\" alt=\"\" width=\"150\" height=\"150\" srcset=\"https:\/\/coro.meridianos.org\/wp-content\/uploads\/2018\/03\/IMG-20180319-WA0018-150x150.jpg 150w, https:\/\/coro.meridianos.org\/wp-content\/uploads\/2018\/03\/IMG-20180319-WA0018-300x300.jpg 300w, https:\/\/coro.meridianos.org\/wp-content\/uploads\/2018\/03\/IMG-20180319-WA0018-100x100.jpg 100w\" sizes=\"(max-width: 150px) 100vw, 150px\" \/><\/a>ntro del programa &#8220;La ROSS en tu Aula&#8221;, los componentes de nuestra academia orquestal crear\u00e1n una serie de piezas basadas en la m\u00fasica de &#8220;West Side Story&#8221;, de Leonard Bernstein en colaboraci\u00f3n con un solista de la orquesta y la coordinadora de los programas pedag\u00f3gicos de la misma. Estas piezas se interpretar\u00e1n en el escenario del Teatro de la Maestranza el d\u00eda 9 de junio, despu\u00e9s de los talleres del 19 de marzo, 2 de abril y 23 de mayo.<\/p>\n","protected":false},"excerpt":{"rendered":"<p>Dentro del programa &#8220;La ROSS en tu Aula&#8221;, los componentes de nuestra academia orquestal crear\u00e1n una serie de piezas basadas en la m\u00fasica de &#8220;West Side Story&#8221;, de Leonard Bernstein en colaboraci\u00f3n con un solista de la orquesta y la coordinadora de los programas pedag\u00f3gicos de la misma. Estas piezas se interpretar\u00e1n en el escenario [&hellip;]<\/p>\n","protected":false},"author":7,"featured_media":5107,"comment_status":"closed","ping_status":"closed","sticky":false,"template":"","format":"standard","meta":[],"categories":[55],"tags":[],"_links":{"self":[{"href":"https:\/\/coro.meridianos.org\/index.php\/wp-json\/wp\/v2\/posts\/5105"}],"collection":[{"href":"https:\/\/coro.meridianos.org\/index.php\/wp-json\/wp\/v2\/posts"}],"about":[{"href":"https:\/\/coro.meridianos.org\/index.php\/wp-json\/wp\/v2\/types\/post"}],"author":[{"embeddable":true,"href":"https:\/\/coro.meridianos.org\/index.php\/wp-json\/wp\/v2\/users\/7"}],"replies":[{"embeddable":true,"href":"https:\/\/coro.meridianos.org\/index.php\/wp-json\/wp\/v2\/comments?post=5105"}],"version-history":[{"count":1,"href":"https:\/\/coro.meridianos.org\/index.php\/wp-json\/wp\/v2\/posts\/5105\/revisions"}],"predecessor-version":[{"id":5108,"href":"https:\/\/coro.meridianos.org\/index.php\/wp-json\/wp\/v2\/posts\/5105\/revisions\/5108"}],"wp:featuredmedia":[{"embeddable":true,"href":"https:\/\/coro.meridianos.org\/index.php\/wp-json\/wp\/v2\/media\/5107"}],"wp:attachment":[{"href":"https:\/\/coro.meridianos.org\/index.php\/wp-json\/wp\/v2\/media?parent=5105"}],"wp:term":[{"taxonomy":"category","embeddable":true,"href":"https:\/\/coro.meridianos.org\/index.php\/wp-json\/wp\/v2\/categories?post=5105"},{"taxonomy":"post_tag","embeddable":true,"href":"https:\/\/coro.meridianos.org\/index.php\/wp-json\/wp\/v2\/tags?post=5105"}],"curies":[{"name":"wp","href":"https:\/\/api.w.org\/{rel}","templated":true}]}}