{"id":5086,"date":"2018-02-25T18:51:19","date_gmt":"2018-02-25T18:51:19","guid":{"rendered":"https:\/\/coro.meridianos.org\/?p=5086"},"modified":"2018-02-25T18:58:44","modified_gmt":"2018-02-25T18:58:44","slug":"taller-coral-en-la-oliva","status":"publish","type":"post","link":"https:\/\/coro.meridianos.org\/index.php\/taller-coral-en-la-oliva\/","title":{"rendered":"Taller coral en La Oliva"},"content":{"rendered":"<p>El pr\u00f3ximo d\u00eda 28 de Febrero, con ocasi\u00f3n del d\u00eda de Andaluc\u00eda, tendr\u00e1 lugar un taller coral seguido de un breve concierto en el que se unir\u00e1n al Coro Meridianos todos aquellos ni\u00f1os y ni\u00f1as que quieran saber c\u00f3mo es el trabajo del coro y sentir la experiencia de pertenecer a uno. Desde las 12 del medio d\u00eda estaremos en la Asociaci\u00f3n de Vecinos del barrio de Ntra. Se\u00f1ora de la Oliva.<\/p>\n","protected":false},"excerpt":{"rendered":"<p>El pr\u00f3ximo d\u00eda 28 de Febrero, con ocasi\u00f3n del d\u00eda de Andaluc\u00eda, tendr\u00e1 lugar un taller coral seguido de un breve concierto en el que se unir\u00e1n al Coro Meridianos todos aquellos ni\u00f1os y ni\u00f1as que quieran saber c\u00f3mo es el trabajo del coro y sentir la experiencia de pertenecer a uno. Desde las 12 [&hellip;]<\/p>\n","protected":false},"author":7,"featured_media":4761,"comment_status":"closed","ping_status":"closed","sticky":false,"template":"","format":"standard","meta":[],"categories":[55],"tags":[],"_links":{"self":[{"href":"https:\/\/coro.meridianos.org\/index.php\/wp-json\/wp\/v2\/posts\/5086"}],"collection":[{"href":"https:\/\/coro.meridianos.org\/index.php\/wp-json\/wp\/v2\/posts"}],"about":[{"href":"https:\/\/coro.meridianos.org\/index.php\/wp-json\/wp\/v2\/types\/post"}],"author":[{"embeddable":true,"href":"https:\/\/coro.meridianos.org\/index.php\/wp-json\/wp\/v2\/users\/7"}],"replies":[{"embeddable":true,"href":"https:\/\/coro.meridianos.org\/index.php\/wp-json\/wp\/v2\/comments?post=5086"}],"version-history":[{"count":3,"href":"https:\/\/coro.meridianos.org\/index.php\/wp-json\/wp\/v2\/posts\/5086\/revisions"}],"predecessor-version":[{"id":5089,"href":"https:\/\/coro.meridianos.org\/index.php\/wp-json\/wp\/v2\/posts\/5086\/revisions\/5089"}],"wp:featuredmedia":[{"embeddable":true,"href":"https:\/\/coro.meridianos.org\/index.php\/wp-json\/wp\/v2\/media\/4761"}],"wp:attachment":[{"href":"https:\/\/coro.meridianos.org\/index.php\/wp-json\/wp\/v2\/media?parent=5086"}],"wp:term":[{"taxonomy":"category","embeddable":true,"href":"https:\/\/coro.meridianos.org\/index.php\/wp-json\/wp\/v2\/categories?post=5086"},{"taxonomy":"post_tag","embeddable":true,"href":"https:\/\/coro.meridianos.org\/index.php\/wp-json\/wp\/v2\/tags?post=5086"}],"curies":[{"name":"wp","href":"https:\/\/api.w.org\/{rel}","templated":true}]}}