{"id":5061,"date":"2017-11-20T12:35:11","date_gmt":"2017-11-20T12:35:11","guid":{"rendered":"https:\/\/coro.meridianos.org\/?p=5061"},"modified":"2017-11-20T12:35:11","modified_gmt":"2017-11-20T12:35:11","slug":"conciertos-de-navidad-4","status":"publish","type":"post","link":"https:\/\/coro.meridianos.org\/index.php\/conciertos-de-navidad-4\/","title":{"rendered":"Conciertos de Navidad"},"content":{"rendered":"<p>Este a\u00f1o hay 3 ocasiones de ver una de las actuaciones navide\u00f1a del Coro Meridianos. Nuestro nuevo repertorio, que estamos preparando con gran ilusi\u00f3n, podr\u00e1 escucharse en la parroquia San P\u00edo X de las Letan\u00edas el d\u00eda 10, en el pabell\u00f3n de Juventudes Musicales el 17, y en la Capilla de los Estudiantes de la Universidad de Sevilla el 20. Puedes ver toda la informaci\u00f3n detallada de cada concierto en nuestra agenda.<\/p>\n","protected":false},"excerpt":{"rendered":"<p>Este a\u00f1o hay 3 ocasiones de ver una de las actuaciones navide\u00f1a del Coro Meridianos. Nuestro nuevo repertorio, que estamos preparando con gran ilusi\u00f3n, podr\u00e1 escucharse en la parroquia San P\u00edo X de las Letan\u00edas el d\u00eda 10, en el pabell\u00f3n de Juventudes Musicales el 17, y en la Capilla de los Estudiantes de la [&hellip;]<\/p>\n","protected":false},"author":7,"featured_media":5062,"comment_status":"closed","ping_status":"closed","sticky":false,"template":"","format":"standard","meta":[],"categories":[55],"tags":[],"_links":{"self":[{"href":"https:\/\/coro.meridianos.org\/index.php\/wp-json\/wp\/v2\/posts\/5061"}],"collection":[{"href":"https:\/\/coro.meridianos.org\/index.php\/wp-json\/wp\/v2\/posts"}],"about":[{"href":"https:\/\/coro.meridianos.org\/index.php\/wp-json\/wp\/v2\/types\/post"}],"author":[{"embeddable":true,"href":"https:\/\/coro.meridianos.org\/index.php\/wp-json\/wp\/v2\/users\/7"}],"replies":[{"embeddable":true,"href":"https:\/\/coro.meridianos.org\/index.php\/wp-json\/wp\/v2\/comments?post=5061"}],"version-history":[{"count":1,"href":"https:\/\/coro.meridianos.org\/index.php\/wp-json\/wp\/v2\/posts\/5061\/revisions"}],"predecessor-version":[{"id":5063,"href":"https:\/\/coro.meridianos.org\/index.php\/wp-json\/wp\/v2\/posts\/5061\/revisions\/5063"}],"wp:featuredmedia":[{"embeddable":true,"href":"https:\/\/coro.meridianos.org\/index.php\/wp-json\/wp\/v2\/media\/5062"}],"wp:attachment":[{"href":"https:\/\/coro.meridianos.org\/index.php\/wp-json\/wp\/v2\/media?parent=5061"}],"wp:term":[{"taxonomy":"category","embeddable":true,"href":"https:\/\/coro.meridianos.org\/index.php\/wp-json\/wp\/v2\/categories?post=5061"},{"taxonomy":"post_tag","embeddable":true,"href":"https:\/\/coro.meridianos.org\/index.php\/wp-json\/wp\/v2\/tags?post=5061"}],"curies":[{"name":"wp","href":"https:\/\/api.w.org\/{rel}","templated":true}]}}