{"id":5031,"date":"2017-10-23T07:44:18","date_gmt":"2017-10-23T07:44:18","guid":{"rendered":"https:\/\/coro.meridianos.org\/?p=5031"},"modified":"2017-10-23T07:44:18","modified_gmt":"2017-10-23T07:44:18","slug":"concierto-en-el-ceip-anibal-gonzalez","status":"publish","type":"post","link":"https:\/\/coro.meridianos.org\/index.php\/concierto-en-el-ceip-anibal-gonzalez\/","title":{"rendered":"Concierto en el CEIP Anibal Gonz\u00e1lez"},"content":{"rendered":"<p>El Coro Meridianos participa ofreciendo un concierto en la Semana Cultural que organiza el Colegio Anibal Gonz\u00e1lez con ocasi\u00f3n de su 50 aniversario. Ser\u00e1 el pr\u00f3ximo viernes 27 a las 4 de la tarde. Es un evento de libre acceso para todo aquel que quiera escucharnos.<\/p>\n","protected":false},"excerpt":{"rendered":"<p>El Coro Meridianos participa ofreciendo un concierto en la Semana Cultural que organiza el Colegio Anibal Gonz\u00e1lez con ocasi\u00f3n de su 50 aniversario. Ser\u00e1 el pr\u00f3ximo viernes 27 a las 4 de la tarde. Es un evento de libre acceso para todo aquel que quiera escucharnos.<\/p>\n","protected":false},"author":7,"featured_media":4899,"comment_status":"closed","ping_status":"closed","sticky":false,"template":"","format":"standard","meta":[],"categories":[55],"tags":[],"_links":{"self":[{"href":"https:\/\/coro.meridianos.org\/index.php\/wp-json\/wp\/v2\/posts\/5031"}],"collection":[{"href":"https:\/\/coro.meridianos.org\/index.php\/wp-json\/wp\/v2\/posts"}],"about":[{"href":"https:\/\/coro.meridianos.org\/index.php\/wp-json\/wp\/v2\/types\/post"}],"author":[{"embeddable":true,"href":"https:\/\/coro.meridianos.org\/index.php\/wp-json\/wp\/v2\/users\/7"}],"replies":[{"embeddable":true,"href":"https:\/\/coro.meridianos.org\/index.php\/wp-json\/wp\/v2\/comments?post=5031"}],"version-history":[{"count":1,"href":"https:\/\/coro.meridianos.org\/index.php\/wp-json\/wp\/v2\/posts\/5031\/revisions"}],"predecessor-version":[{"id":5032,"href":"https:\/\/coro.meridianos.org\/index.php\/wp-json\/wp\/v2\/posts\/5031\/revisions\/5032"}],"wp:featuredmedia":[{"embeddable":true,"href":"https:\/\/coro.meridianos.org\/index.php\/wp-json\/wp\/v2\/media\/4899"}],"wp:attachment":[{"href":"https:\/\/coro.meridianos.org\/index.php\/wp-json\/wp\/v2\/media?parent=5031"}],"wp:term":[{"taxonomy":"category","embeddable":true,"href":"https:\/\/coro.meridianos.org\/index.php\/wp-json\/wp\/v2\/categories?post=5031"},{"taxonomy":"post_tag","embeddable":true,"href":"https:\/\/coro.meridianos.org\/index.php\/wp-json\/wp\/v2\/tags?post=5031"}],"curies":[{"name":"wp","href":"https:\/\/api.w.org\/{rel}","templated":true}]}}