{"id":5012,"date":"2017-09-29T17:28:08","date_gmt":"2017-09-29T17:28:08","guid":{"rendered":"https:\/\/coro.meridianos.org\/?p=5012"},"modified":"2020-03-13T11:58:42","modified_gmt":"2020-03-13T11:58:42","slug":"reportaje-canal-sur-gala-de-turismo-de-sevilla","status":"publish","type":"post","link":"https:\/\/coro.meridianos.org\/index.php\/reportaje-canal-sur-gala-de-turismo-de-sevilla\/","title":{"rendered":"Reportaje Canal Sur Gala de Turismo de Sevilla"},"content":{"rendered":"<div class=\" responsive-embed responsive-embed-16x9 embed-youtube\"><iframe title=\"Canal Sur TV - CORO MERIDIANOS Gala Turismo de Diputacion de Sevilla\" width=\"1140\" height=\"855\" src=\"https:\/\/www.youtube.com\/embed\/vsXu54GEuI4?feature=oembed\" frameborder=\"0\" allow=\"accelerometer; autoplay; encrypted-media; gyroscope; picture-in-picture\" allowfullscreen><\/iframe><\/div>\n<p>Con ocasi\u00f3n de la participaci\u00f3n del Coro en la Gala del D\u00eda Internacional del Turismo en la Diputaci\u00f3n de Sevilla, y su participaci\u00f3n en la grabaci\u00f3n del nuevo disco de Dorantes.<\/p>\n","protected":false},"excerpt":{"rendered":"<p>Con ocasi\u00f3n de la participaci\u00f3n del Coro en la Gala del D\u00eda Internacional del Turismo en la Diputaci\u00f3n de Sevilla, y su participaci\u00f3n en la grabaci\u00f3n del nuevo disco de Dorantes.<\/p>\n","protected":false},"author":7,"featured_media":5015,"comment_status":"closed","ping_status":"closed","sticky":false,"template":"","format":"standard","meta":[],"categories":[53,168],"tags":[],"_links":{"self":[{"href":"https:\/\/coro.meridianos.org\/index.php\/wp-json\/wp\/v2\/posts\/5012"}],"collection":[{"href":"https:\/\/coro.meridianos.org\/index.php\/wp-json\/wp\/v2\/posts"}],"about":[{"href":"https:\/\/coro.meridianos.org\/index.php\/wp-json\/wp\/v2\/types\/post"}],"author":[{"embeddable":true,"href":"https:\/\/coro.meridianos.org\/index.php\/wp-json\/wp\/v2\/users\/7"}],"replies":[{"embeddable":true,"href":"https:\/\/coro.meridianos.org\/index.php\/wp-json\/wp\/v2\/comments?post=5012"}],"version-history":[{"count":5,"href":"https:\/\/coro.meridianos.org\/index.php\/wp-json\/wp\/v2\/posts\/5012\/revisions"}],"predecessor-version":[{"id":5023,"href":"https:\/\/coro.meridianos.org\/index.php\/wp-json\/wp\/v2\/posts\/5012\/revisions\/5023"}],"wp:featuredmedia":[{"embeddable":true,"href":"https:\/\/coro.meridianos.org\/index.php\/wp-json\/wp\/v2\/media\/5015"}],"wp:attachment":[{"href":"https:\/\/coro.meridianos.org\/index.php\/wp-json\/wp\/v2\/media?parent=5012"}],"wp:term":[{"taxonomy":"category","embeddable":true,"href":"https:\/\/coro.meridianos.org\/index.php\/wp-json\/wp\/v2\/categories?post=5012"},{"taxonomy":"post_tag","embeddable":true,"href":"https:\/\/coro.meridianos.org\/index.php\/wp-json\/wp\/v2\/tags?post=5012"}],"curies":[{"name":"wp","href":"https:\/\/api.w.org\/{rel}","templated":true}]}}