{"id":4988,"date":"2017-09-22T14:17:04","date_gmt":"2017-09-22T14:17:04","guid":{"rendered":"https:\/\/coro.meridianos.org\/?p=4988"},"modified":"2017-09-22T14:17:04","modified_gmt":"2017-09-22T14:17:04","slug":"participacion-en-la-gala-del-dia-internacional-de-turismo","status":"publish","type":"post","link":"https:\/\/coro.meridianos.org\/index.php\/participacion-en-la-gala-del-dia-internacional-de-turismo\/","title":{"rendered":"Participaci\u00f3n en la Gala del D\u00eda Internacional de Turismo"},"content":{"rendered":"<p>El Coro Meridianos participar\u00e1 en la Gala del d\u00eda internacional de turismo que se celebrar\u00e1\u00a0el mi\u00e9rcoles 27 a las 20:00 horas en el Patio de la diputaci\u00f3n de Sevilla. En este acto se presentar\u00e1 el \u00a0nuevo \u00e1lbum de Dorantes en el que tambi\u00e9n hemos participado. Y habr\u00e1 sorpresas&#8230;<\/p>\n","protected":false},"excerpt":{"rendered":"<p>El Coro Meridianos participar\u00e1 en la Gala del d\u00eda internacional de turismo que se celebrar\u00e1\u00a0el mi\u00e9rcoles 27 a las 20:00 horas en el Patio de la diputaci\u00f3n de Sevilla. En este acto se presentar\u00e1 el \u00a0nuevo \u00e1lbum de Dorantes en el que tambi\u00e9n hemos participado. Y habr\u00e1 sorpresas&#8230;<\/p>\n","protected":false},"author":7,"featured_media":4964,"comment_status":"closed","ping_status":"closed","sticky":false,"template":"","format":"standard","meta":[],"categories":[55],"tags":[],"_links":{"self":[{"href":"https:\/\/coro.meridianos.org\/index.php\/wp-json\/wp\/v2\/posts\/4988"}],"collection":[{"href":"https:\/\/coro.meridianos.org\/index.php\/wp-json\/wp\/v2\/posts"}],"about":[{"href":"https:\/\/coro.meridianos.org\/index.php\/wp-json\/wp\/v2\/types\/post"}],"author":[{"embeddable":true,"href":"https:\/\/coro.meridianos.org\/index.php\/wp-json\/wp\/v2\/users\/7"}],"replies":[{"embeddable":true,"href":"https:\/\/coro.meridianos.org\/index.php\/wp-json\/wp\/v2\/comments?post=4988"}],"version-history":[{"count":1,"href":"https:\/\/coro.meridianos.org\/index.php\/wp-json\/wp\/v2\/posts\/4988\/revisions"}],"predecessor-version":[{"id":4989,"href":"https:\/\/coro.meridianos.org\/index.php\/wp-json\/wp\/v2\/posts\/4988\/revisions\/4989"}],"wp:featuredmedia":[{"embeddable":true,"href":"https:\/\/coro.meridianos.org\/index.php\/wp-json\/wp\/v2\/media\/4964"}],"wp:attachment":[{"href":"https:\/\/coro.meridianos.org\/index.php\/wp-json\/wp\/v2\/media?parent=4988"}],"wp:term":[{"taxonomy":"category","embeddable":true,"href":"https:\/\/coro.meridianos.org\/index.php\/wp-json\/wp\/v2\/categories?post=4988"},{"taxonomy":"post_tag","embeddable":true,"href":"https:\/\/coro.meridianos.org\/index.php\/wp-json\/wp\/v2\/tags?post=4988"}],"curies":[{"name":"wp","href":"https:\/\/api.w.org\/{rel}","templated":true}]}}