{"id":4985,"date":"2017-09-22T14:11:52","date_gmt":"2017-09-22T14:11:52","guid":{"rendered":"https:\/\/coro.meridianos.org\/?p=4985"},"modified":"2017-09-22T14:11:52","modified_gmt":"2017-09-22T14:11:52","slug":"pruebas-de-admision-en-los-colegios","status":"publish","type":"post","link":"https:\/\/coro.meridianos.org\/index.php\/pruebas-de-admision-en-los-colegios\/","title":{"rendered":"Pruebas de admisi\u00f3n en los colegios"},"content":{"rendered":"<p>Como cada inicio de curso, el equipo del Coro Meridianos acude a los centros colaboradores de la zona sur de Sevilla para informar al alumnado de nuestro proyecto e invitarlos a participar en las pruebas de admisi\u00f3n que realizan cada a\u00f1o decenas de ni\u00f1os y ni\u00f1as.<\/p>\n","protected":false},"excerpt":{"rendered":"<p>Como cada inicio de curso, el equipo del Coro Meridianos acude a los centros colaboradores de la zona sur de Sevilla para informar al alumnado de nuestro proyecto e invitarlos a participar en las pruebas de admisi\u00f3n que realizan cada a\u00f1o decenas de ni\u00f1os y ni\u00f1as.<\/p>\n","protected":false},"author":7,"featured_media":4986,"comment_status":"closed","ping_status":"closed","sticky":false,"template":"","format":"standard","meta":[],"categories":[55],"tags":[],"_links":{"self":[{"href":"https:\/\/coro.meridianos.org\/index.php\/wp-json\/wp\/v2\/posts\/4985"}],"collection":[{"href":"https:\/\/coro.meridianos.org\/index.php\/wp-json\/wp\/v2\/posts"}],"about":[{"href":"https:\/\/coro.meridianos.org\/index.php\/wp-json\/wp\/v2\/types\/post"}],"author":[{"embeddable":true,"href":"https:\/\/coro.meridianos.org\/index.php\/wp-json\/wp\/v2\/users\/7"}],"replies":[{"embeddable":true,"href":"https:\/\/coro.meridianos.org\/index.php\/wp-json\/wp\/v2\/comments?post=4985"}],"version-history":[{"count":1,"href":"https:\/\/coro.meridianos.org\/index.php\/wp-json\/wp\/v2\/posts\/4985\/revisions"}],"predecessor-version":[{"id":4987,"href":"https:\/\/coro.meridianos.org\/index.php\/wp-json\/wp\/v2\/posts\/4985\/revisions\/4987"}],"wp:featuredmedia":[{"embeddable":true,"href":"https:\/\/coro.meridianos.org\/index.php\/wp-json\/wp\/v2\/media\/4986"}],"wp:attachment":[{"href":"https:\/\/coro.meridianos.org\/index.php\/wp-json\/wp\/v2\/media?parent=4985"}],"wp:term":[{"taxonomy":"category","embeddable":true,"href":"https:\/\/coro.meridianos.org\/index.php\/wp-json\/wp\/v2\/categories?post=4985"},{"taxonomy":"post_tag","embeddable":true,"href":"https:\/\/coro.meridianos.org\/index.php\/wp-json\/wp\/v2\/tags?post=4985"}],"curies":[{"name":"wp","href":"https:\/\/api.w.org\/{rel}","templated":true}]}}