{"id":4949,"date":"2017-06-28T09:13:34","date_gmt":"2017-06-28T09:13:34","guid":{"rendered":"https:\/\/coro.meridianos.org\/?p=4949"},"modified":"2017-06-28T09:15:14","modified_gmt":"2017-06-28T09:15:14","slug":"concierto-unidos-por-el-talento","status":"publish","type":"post","link":"https:\/\/coro.meridianos.org\/index.php\/concierto-unidos-por-el-talento\/","title":{"rendered":"Concierto Unidos por el Talento"},"content":{"rendered":"<p>El pr\u00f3ximo 4 de Julio, en la Sala Joaqu\u00edn Turina, la Orquesta Joven de Shanghai, de gira por Andaluc\u00eda, se une al Coro Meridianos en este concierto en el que adem\u00e1s contar\u00e1n con la colaboraci\u00f3n especial de Dorantes, como parte de su apoyo al proyecto educativo que el Coro desarrolla en el entorno del Pol\u00edgono Sur de Sevilla. Esta colaboraci\u00f3n contribuye a mostrar a los chicos y chicas del coro el valor del esfuerzo y la dedicaci\u00f3n. Un programa en el que m\u00e1s de 40 m\u00fasicos de diversos \u00e1mbitos unidos por el talento realizar\u00e1n un recorrido musical que nos llevar\u00e1 de oriente a occidente y de la m\u00fasica cl\u00e1sica al flamenco. Un gran espect\u00e1culo y una gran oportunidad para estos j\u00f3venes con un largo camino por recorrer en la m\u00fasica y que tendr\u00e1n el orgullo de compartir escenario con el prestigioso pianista y compositor.<\/p>\n<p>Las invitaciones est\u00e1n disponibles para su recogida en la taquilla de la Sala Turina de Martes a S\u00e1bado de 11 a 14 y de 17:30 a 20:30<\/p>\n","protected":false},"excerpt":{"rendered":"<p>El pr\u00f3ximo 4 de Julio, en la Sala Joaqu\u00edn Turina, la Orquesta Joven de Shanghai, de gira por Andaluc\u00eda, se une al Coro Meridianos en este concierto en el que adem\u00e1s contar\u00e1n con la colaboraci\u00f3n especial de Dorantes, como parte de su apoyo al proyecto educativo que el Coro desarrolla en el entorno del Pol\u00edgono [&hellip;]<\/p>\n","protected":false},"author":7,"featured_media":4950,"comment_status":"closed","ping_status":"closed","sticky":false,"template":"","format":"standard","meta":[],"categories":[55],"tags":[],"_links":{"self":[{"href":"https:\/\/coro.meridianos.org\/index.php\/wp-json\/wp\/v2\/posts\/4949"}],"collection":[{"href":"https:\/\/coro.meridianos.org\/index.php\/wp-json\/wp\/v2\/posts"}],"about":[{"href":"https:\/\/coro.meridianos.org\/index.php\/wp-json\/wp\/v2\/types\/post"}],"author":[{"embeddable":true,"href":"https:\/\/coro.meridianos.org\/index.php\/wp-json\/wp\/v2\/users\/7"}],"replies":[{"embeddable":true,"href":"https:\/\/coro.meridianos.org\/index.php\/wp-json\/wp\/v2\/comments?post=4949"}],"version-history":[{"count":2,"href":"https:\/\/coro.meridianos.org\/index.php\/wp-json\/wp\/v2\/posts\/4949\/revisions"}],"predecessor-version":[{"id":4952,"href":"https:\/\/coro.meridianos.org\/index.php\/wp-json\/wp\/v2\/posts\/4949\/revisions\/4952"}],"wp:featuredmedia":[{"embeddable":true,"href":"https:\/\/coro.meridianos.org\/index.php\/wp-json\/wp\/v2\/media\/4950"}],"wp:attachment":[{"href":"https:\/\/coro.meridianos.org\/index.php\/wp-json\/wp\/v2\/media?parent=4949"}],"wp:term":[{"taxonomy":"category","embeddable":true,"href":"https:\/\/coro.meridianos.org\/index.php\/wp-json\/wp\/v2\/categories?post=4949"},{"taxonomy":"post_tag","embeddable":true,"href":"https:\/\/coro.meridianos.org\/index.php\/wp-json\/wp\/v2\/tags?post=4949"}],"curies":[{"name":"wp","href":"https:\/\/api.w.org\/{rel}","templated":true}]}}