{"id":4921,"date":"2017-06-25T08:49:12","date_gmt":"2017-06-25T08:49:12","guid":{"rendered":"https:\/\/coro.meridianos.org\/?p=4921"},"modified":"2017-06-25T08:49:12","modified_gmt":"2017-06-25T08:49:12","slug":"concierto-en-juventudes-musicales","status":"publish","type":"post","link":"https:\/\/coro.meridianos.org\/index.php\/concierto-en-juventudes-musicales\/","title":{"rendered":"Concierto en Juventudes Musicales"},"content":{"rendered":"<p>El pr\u00f3ximo jueves 29 de junio tendr\u00e1 lugar en el pabell\u00f3n Domecq del Parque de Mar\u00eda Luisa, sede de Juventudes Musicales de Sevilla, un concierto del Coro Meridianos en el que adem\u00e1s se presentar\u00e1 el resultado de estos primeros meses de formaci\u00f3n instrumental a trav\u00e9s de la primera actuaci\u00f3n de la Orquesta formada por los chicos y chicas del Coro. Ser\u00e1 a las 20:30 de la tarde.<\/p>\n","protected":false},"excerpt":{"rendered":"<p>El pr\u00f3ximo jueves 29 de junio tendr\u00e1 lugar en el pabell\u00f3n Domecq del Parque de Mar\u00eda Luisa, sede de Juventudes Musicales de Sevilla, un concierto del Coro Meridianos en el que adem\u00e1s se presentar\u00e1 el resultado de estos primeros meses de formaci\u00f3n instrumental a trav\u00e9s de la primera actuaci\u00f3n de la Orquesta formada por los [&hellip;]<\/p>\n","protected":false},"author":7,"featured_media":4922,"comment_status":"closed","ping_status":"closed","sticky":false,"template":"","format":"standard","meta":[],"categories":[55],"tags":[],"_links":{"self":[{"href":"https:\/\/coro.meridianos.org\/index.php\/wp-json\/wp\/v2\/posts\/4921"}],"collection":[{"href":"https:\/\/coro.meridianos.org\/index.php\/wp-json\/wp\/v2\/posts"}],"about":[{"href":"https:\/\/coro.meridianos.org\/index.php\/wp-json\/wp\/v2\/types\/post"}],"author":[{"embeddable":true,"href":"https:\/\/coro.meridianos.org\/index.php\/wp-json\/wp\/v2\/users\/7"}],"replies":[{"embeddable":true,"href":"https:\/\/coro.meridianos.org\/index.php\/wp-json\/wp\/v2\/comments?post=4921"}],"version-history":[{"count":1,"href":"https:\/\/coro.meridianos.org\/index.php\/wp-json\/wp\/v2\/posts\/4921\/revisions"}],"predecessor-version":[{"id":4923,"href":"https:\/\/coro.meridianos.org\/index.php\/wp-json\/wp\/v2\/posts\/4921\/revisions\/4923"}],"wp:featuredmedia":[{"embeddable":true,"href":"https:\/\/coro.meridianos.org\/index.php\/wp-json\/wp\/v2\/media\/4922"}],"wp:attachment":[{"href":"https:\/\/coro.meridianos.org\/index.php\/wp-json\/wp\/v2\/media?parent=4921"}],"wp:term":[{"taxonomy":"category","embeddable":true,"href":"https:\/\/coro.meridianos.org\/index.php\/wp-json\/wp\/v2\/categories?post=4921"},{"taxonomy":"post_tag","embeddable":true,"href":"https:\/\/coro.meridianos.org\/index.php\/wp-json\/wp\/v2\/tags?post=4921"}],"curies":[{"name":"wp","href":"https:\/\/api.w.org\/{rel}","templated":true}]}}