{"id":4913,"date":"2017-05-23T09:58:08","date_gmt":"2017-05-23T09:58:08","guid":{"rendered":"https:\/\/coro.meridianos.org\/?p=4913"},"modified":"2017-05-23T09:58:08","modified_gmt":"2017-05-23T09:58:08","slug":"concierto-en-el-espacio-turina","status":"publish","type":"post","link":"https:\/\/coro.meridianos.org\/index.php\/concierto-en-el-espacio-turina\/","title":{"rendered":"Concierto en el Espacio Turina"},"content":{"rendered":"<p>El concierto final de este a\u00f1o tendr\u00e1 lugar en una de las mejores salas de la ciudad: el Espacio Turina. En pleno centro de Sevilla los chicos y chicas del coro deleitar\u00e1n a los asistentes con un repertorio de canciones de todo el mundo, y mostrar\u00e1n el salto de calidad conseguido durante este curso. Ser\u00e1 el d\u00eda 6 de Junio a las 7 de la tarde. <\/p>\n","protected":false},"excerpt":{"rendered":"<p>El concierto final de este a\u00f1o tendr\u00e1 lugar en una de las mejores salas de la ciudad: el Espacio Turina. En pleno centro de Sevilla los chicos y chicas del coro deleitar\u00e1n a los asistentes con un repertorio de canciones de todo el mundo, y mostrar\u00e1n el salto de calidad conseguido durante este curso. Ser\u00e1 [&hellip;]<\/p>\n","protected":false},"author":7,"featured_media":4915,"comment_status":"closed","ping_status":"closed","sticky":false,"template":"","format":"standard","meta":[],"categories":[55],"tags":[],"_links":{"self":[{"href":"https:\/\/coro.meridianos.org\/index.php\/wp-json\/wp\/v2\/posts\/4913"}],"collection":[{"href":"https:\/\/coro.meridianos.org\/index.php\/wp-json\/wp\/v2\/posts"}],"about":[{"href":"https:\/\/coro.meridianos.org\/index.php\/wp-json\/wp\/v2\/types\/post"}],"author":[{"embeddable":true,"href":"https:\/\/coro.meridianos.org\/index.php\/wp-json\/wp\/v2\/users\/7"}],"replies":[{"embeddable":true,"href":"https:\/\/coro.meridianos.org\/index.php\/wp-json\/wp\/v2\/comments?post=4913"}],"version-history":[{"count":1,"href":"https:\/\/coro.meridianos.org\/index.php\/wp-json\/wp\/v2\/posts\/4913\/revisions"}],"predecessor-version":[{"id":4916,"href":"https:\/\/coro.meridianos.org\/index.php\/wp-json\/wp\/v2\/posts\/4913\/revisions\/4916"}],"wp:featuredmedia":[{"embeddable":true,"href":"https:\/\/coro.meridianos.org\/index.php\/wp-json\/wp\/v2\/media\/4915"}],"wp:attachment":[{"href":"https:\/\/coro.meridianos.org\/index.php\/wp-json\/wp\/v2\/media?parent=4913"}],"wp:term":[{"taxonomy":"category","embeddable":true,"href":"https:\/\/coro.meridianos.org\/index.php\/wp-json\/wp\/v2\/categories?post=4913"},{"taxonomy":"post_tag","embeddable":true,"href":"https:\/\/coro.meridianos.org\/index.php\/wp-json\/wp\/v2\/tags?post=4913"}],"curies":[{"name":"wp","href":"https:\/\/api.w.org\/{rel}","templated":true}]}}