{"id":4886,"date":"2017-05-10T09:52:51","date_gmt":"2017-05-10T09:52:51","guid":{"rendered":"https:\/\/coro.meridianos.org\/?p=4886"},"modified":"2017-05-10T09:52:51","modified_gmt":"2017-05-10T09:52:51","slug":"grabacion-con-dorantes","status":"publish","type":"post","link":"https:\/\/coro.meridianos.org\/index.php\/grabacion-con-dorantes\/","title":{"rendered":"Grabaci\u00f3n con Dorantes"},"content":{"rendered":"<p>El pr\u00f3ximo jueves 11 de mayo el Coro Meridianos ha sido invitado por David Pe\u00f1a Dorantes a unirse a \u00e9l para realizar una grabaci\u00f3n en su estudio. La invitaci\u00f3n se produjo tras presenciar el prestigioso pianista flamenco un ensayo en el que pudo apreciar la calidad y el inter\u00e9s de los chicos y chicas. El Coro pasar\u00e1 una tarde de trabajo profesional que seguro supondr\u00e1 una experiencia \u00fanica para ellos, y que supone un paso m\u00e1s en la evoluci\u00f3n de esta instituci\u00f3n musical de referencia del Pol\u00edgono Sur.<\/p>\n","protected":false},"excerpt":{"rendered":"<p>El pr\u00f3ximo jueves 11 de mayo el Coro Meridianos ha sido invitado por David Pe\u00f1a Dorantes a unirse a \u00e9l para realizar una grabaci\u00f3n en su estudio. La invitaci\u00f3n se produjo tras presenciar el prestigioso pianista flamenco un ensayo en el que pudo apreciar la calidad y el inter\u00e9s de los chicos y chicas. El [&hellip;]<\/p>\n","protected":false},"author":7,"featured_media":4884,"comment_status":"closed","ping_status":"closed","sticky":false,"template":"","format":"standard","meta":[],"categories":[55],"tags":[],"_links":{"self":[{"href":"https:\/\/coro.meridianos.org\/index.php\/wp-json\/wp\/v2\/posts\/4886"}],"collection":[{"href":"https:\/\/coro.meridianos.org\/index.php\/wp-json\/wp\/v2\/posts"}],"about":[{"href":"https:\/\/coro.meridianos.org\/index.php\/wp-json\/wp\/v2\/types\/post"}],"author":[{"embeddable":true,"href":"https:\/\/coro.meridianos.org\/index.php\/wp-json\/wp\/v2\/users\/7"}],"replies":[{"embeddable":true,"href":"https:\/\/coro.meridianos.org\/index.php\/wp-json\/wp\/v2\/comments?post=4886"}],"version-history":[{"count":2,"href":"https:\/\/coro.meridianos.org\/index.php\/wp-json\/wp\/v2\/posts\/4886\/revisions"}],"predecessor-version":[{"id":4888,"href":"https:\/\/coro.meridianos.org\/index.php\/wp-json\/wp\/v2\/posts\/4886\/revisions\/4888"}],"wp:featuredmedia":[{"embeddable":true,"href":"https:\/\/coro.meridianos.org\/index.php\/wp-json\/wp\/v2\/media\/4884"}],"wp:attachment":[{"href":"https:\/\/coro.meridianos.org\/index.php\/wp-json\/wp\/v2\/media?parent=4886"}],"wp:term":[{"taxonomy":"category","embeddable":true,"href":"https:\/\/coro.meridianos.org\/index.php\/wp-json\/wp\/v2\/categories?post=4886"},{"taxonomy":"post_tag","embeddable":true,"href":"https:\/\/coro.meridianos.org\/index.php\/wp-json\/wp\/v2\/tags?post=4886"}],"curies":[{"name":"wp","href":"https:\/\/api.w.org\/{rel}","templated":true}]}}