{"id":4865,"date":"2017-05-03T19:05:37","date_gmt":"2017-05-03T19:05:37","guid":{"rendered":"https:\/\/coro.meridianos.org\/?p=4865"},"modified":"2017-05-03T19:05:37","modified_gmt":"2017-05-03T19:05:37","slug":"ensayo-con-dorantes","status":"publish","type":"post","link":"https:\/\/coro.meridianos.org\/index.php\/ensayo-con-dorantes\/","title":{"rendered":"Ensayo con Dorantes"},"content":{"rendered":"<p>El pr\u00f3ximo lunes 7 de mayo el Coro Meridianos tendr\u00e1 la oportunidad de ensayar una canci\u00f3n del conocido pianista flamenco Dorantes con el propio artista que nos visitar\u00e1 en nuestra sede habitual.<\/p>\n","protected":false},"excerpt":{"rendered":"<p>El pr\u00f3ximo lunes 7 de mayo el Coro Meridianos tendr\u00e1 la oportunidad de ensayar una canci\u00f3n del conocido pianista flamenco Dorantes con el propio artista que nos visitar\u00e1 en nuestra sede habitual.<\/p>\n","protected":false},"author":7,"featured_media":4866,"comment_status":"closed","ping_status":"closed","sticky":false,"template":"","format":"standard","meta":[],"categories":[55],"tags":[],"_links":{"self":[{"href":"https:\/\/coro.meridianos.org\/index.php\/wp-json\/wp\/v2\/posts\/4865"}],"collection":[{"href":"https:\/\/coro.meridianos.org\/index.php\/wp-json\/wp\/v2\/posts"}],"about":[{"href":"https:\/\/coro.meridianos.org\/index.php\/wp-json\/wp\/v2\/types\/post"}],"author":[{"embeddable":true,"href":"https:\/\/coro.meridianos.org\/index.php\/wp-json\/wp\/v2\/users\/7"}],"replies":[{"embeddable":true,"href":"https:\/\/coro.meridianos.org\/index.php\/wp-json\/wp\/v2\/comments?post=4865"}],"version-history":[{"count":1,"href":"https:\/\/coro.meridianos.org\/index.php\/wp-json\/wp\/v2\/posts\/4865\/revisions"}],"predecessor-version":[{"id":4867,"href":"https:\/\/coro.meridianos.org\/index.php\/wp-json\/wp\/v2\/posts\/4865\/revisions\/4867"}],"wp:featuredmedia":[{"embeddable":true,"href":"https:\/\/coro.meridianos.org\/index.php\/wp-json\/wp\/v2\/media\/4866"}],"wp:attachment":[{"href":"https:\/\/coro.meridianos.org\/index.php\/wp-json\/wp\/v2\/media?parent=4865"}],"wp:term":[{"taxonomy":"category","embeddable":true,"href":"https:\/\/coro.meridianos.org\/index.php\/wp-json\/wp\/v2\/categories?post=4865"},{"taxonomy":"post_tag","embeddable":true,"href":"https:\/\/coro.meridianos.org\/index.php\/wp-json\/wp\/v2\/tags?post=4865"}],"curies":[{"name":"wp","href":"https:\/\/api.w.org\/{rel}","templated":true}]}}