{"id":4859,"date":"2017-05-03T18:44:21","date_gmt":"2017-05-03T18:44:21","guid":{"rendered":"https:\/\/coro.meridianos.org\/?p=4859"},"modified":"2017-05-03T18:44:21","modified_gmt":"2017-05-03T18:44:21","slug":"actuacion-en-el-parque-guadaira","status":"publish","type":"post","link":"https:\/\/coro.meridianos.org\/index.php\/actuacion-en-el-parque-guadaira\/","title":{"rendered":"Actuaci\u00f3n en el Parque Guadaira"},"content":{"rendered":"<p>El pr\u00f3ximo s\u00e1bado 13 de mayo a partir de las 17 horas el Coro Meridianos tendr\u00e1 una actuaci\u00f3n en el Parque Guadaira del Pol\u00edgono Sur como parte de una jornada de eventos entre los que se encuentra el primer Concurso de M\u00fasica y Espect\u00e1culos. Organizado por el Ayuntamiento de Sevilla en colaboraci\u00f3n con la Fundaci\u00f3n Atenea y el Comisionado del Pol\u00edgno Sur.<\/p>\n","protected":false},"excerpt":{"rendered":"<p>El pr\u00f3ximo s\u00e1bado 13 de mayo a partir de las 17 horas el Coro Meridianos tendr\u00e1 una actuaci\u00f3n en el Parque Guadaira del Pol\u00edgono Sur como parte de una jornada de eventos entre los que se encuentra el primer Concurso de M\u00fasica y Espect\u00e1culos. Organizado por el Ayuntamiento de Sevilla en colaboraci\u00f3n con la Fundaci\u00f3n [&hellip;]<\/p>\n","protected":false},"author":7,"featured_media":4860,"comment_status":"closed","ping_status":"closed","sticky":false,"template":"","format":"standard","meta":[],"categories":[55],"tags":[],"_links":{"self":[{"href":"https:\/\/coro.meridianos.org\/index.php\/wp-json\/wp\/v2\/posts\/4859"}],"collection":[{"href":"https:\/\/coro.meridianos.org\/index.php\/wp-json\/wp\/v2\/posts"}],"about":[{"href":"https:\/\/coro.meridianos.org\/index.php\/wp-json\/wp\/v2\/types\/post"}],"author":[{"embeddable":true,"href":"https:\/\/coro.meridianos.org\/index.php\/wp-json\/wp\/v2\/users\/7"}],"replies":[{"embeddable":true,"href":"https:\/\/coro.meridianos.org\/index.php\/wp-json\/wp\/v2\/comments?post=4859"}],"version-history":[{"count":2,"href":"https:\/\/coro.meridianos.org\/index.php\/wp-json\/wp\/v2\/posts\/4859\/revisions"}],"predecessor-version":[{"id":4862,"href":"https:\/\/coro.meridianos.org\/index.php\/wp-json\/wp\/v2\/posts\/4859\/revisions\/4862"}],"wp:featuredmedia":[{"embeddable":true,"href":"https:\/\/coro.meridianos.org\/index.php\/wp-json\/wp\/v2\/media\/4860"}],"wp:attachment":[{"href":"https:\/\/coro.meridianos.org\/index.php\/wp-json\/wp\/v2\/media?parent=4859"}],"wp:term":[{"taxonomy":"category","embeddable":true,"href":"https:\/\/coro.meridianos.org\/index.php\/wp-json\/wp\/v2\/categories?post=4859"},{"taxonomy":"post_tag","embeddable":true,"href":"https:\/\/coro.meridianos.org\/index.php\/wp-json\/wp\/v2\/tags?post=4859"}],"curies":[{"name":"wp","href":"https:\/\/api.w.org\/{rel}","templated":true}]}}