{"id":4817,"date":"2017-04-06T23:49:58","date_gmt":"2017-04-06T23:49:58","guid":{"rendered":"https:\/\/coro.meridianos.org\/?p=4817"},"modified":"2017-04-06T23:49:58","modified_gmt":"2017-04-06T23:49:58","slug":"orquesta-joven-de-shanghai","status":"publish","type":"post","link":"https:\/\/coro.meridianos.org\/index.php\/orquesta-joven-de-shanghai\/","title":{"rendered":"Orquesta Joven de Shanghai"},"content":{"rendered":"<p>La Orquesta Joven de Shanghai ha contactado con el Coro Meridianos para la realizaci\u00f3n de una colaboraci\u00f3n el pr\u00f3ximo mes de julio, con ocasi\u00f3n de su visita a Andaluc\u00eda para actuar en el Festival de Granada. Pronto daremos m\u00e1s detalles de dicha colaboraci\u00f3n.<\/p>\n","protected":false},"excerpt":{"rendered":"<p>La Orquesta Joven de Shanghai ha contactado con el Coro Meridianos para la realizaci\u00f3n de una colaboraci\u00f3n el pr\u00f3ximo mes de julio, con ocasi\u00f3n de su visita a Andaluc\u00eda para actuar en el Festival de Granada. Pronto daremos m\u00e1s detalles de dicha colaboraci\u00f3n.<\/p>\n","protected":false},"author":7,"featured_media":4818,"comment_status":"closed","ping_status":"closed","sticky":false,"template":"","format":"standard","meta":[],"categories":[55],"tags":[],"_links":{"self":[{"href":"https:\/\/coro.meridianos.org\/index.php\/wp-json\/wp\/v2\/posts\/4817"}],"collection":[{"href":"https:\/\/coro.meridianos.org\/index.php\/wp-json\/wp\/v2\/posts"}],"about":[{"href":"https:\/\/coro.meridianos.org\/index.php\/wp-json\/wp\/v2\/types\/post"}],"author":[{"embeddable":true,"href":"https:\/\/coro.meridianos.org\/index.php\/wp-json\/wp\/v2\/users\/7"}],"replies":[{"embeddable":true,"href":"https:\/\/coro.meridianos.org\/index.php\/wp-json\/wp\/v2\/comments?post=4817"}],"version-history":[{"count":1,"href":"https:\/\/coro.meridianos.org\/index.php\/wp-json\/wp\/v2\/posts\/4817\/revisions"}],"predecessor-version":[{"id":4819,"href":"https:\/\/coro.meridianos.org\/index.php\/wp-json\/wp\/v2\/posts\/4817\/revisions\/4819"}],"wp:featuredmedia":[{"embeddable":true,"href":"https:\/\/coro.meridianos.org\/index.php\/wp-json\/wp\/v2\/media\/4818"}],"wp:attachment":[{"href":"https:\/\/coro.meridianos.org\/index.php\/wp-json\/wp\/v2\/media?parent=4817"}],"wp:term":[{"taxonomy":"category","embeddable":true,"href":"https:\/\/coro.meridianos.org\/index.php\/wp-json\/wp\/v2\/categories?post=4817"},{"taxonomy":"post_tag","embeddable":true,"href":"https:\/\/coro.meridianos.org\/index.php\/wp-json\/wp\/v2\/tags?post=4817"}],"curies":[{"name":"wp","href":"https:\/\/api.w.org\/{rel}","templated":true}]}}