{"id":4798,"date":"2017-03-17T09:39:52","date_gmt":"2017-03-17T09:39:52","guid":{"rendered":"https:\/\/coro.meridianos.org\/?p=4798"},"modified":"2017-03-17T09:39:52","modified_gmt":"2017-03-17T09:39:52","slug":"actuacion-erasmus","status":"publish","type":"post","link":"https:\/\/coro.meridianos.org\/index.php\/actuacion-erasmus\/","title":{"rendered":"Actuaci\u00f3n Erasmus+"},"content":{"rendered":"<div class=\" responsive-embed responsive-embed-16x9 embed-youtube\"><iframe title=\"Concierto del Coro Meridianos en el Instituto Antonio Dom\u00ednguez Ortiz (Proyecto Erasmus + KA2)\" width=\"1140\" height=\"641\" src=\"https:\/\/www.youtube.com\/embed\/_RhmXk9E5u4?feature=oembed\" frameborder=\"0\" allow=\"accelerometer; autoplay; encrypted-media; gyroscope; picture-in-picture\" allowfullscreen><\/iframe><\/div>\n<p>Actuaci\u00f3n del Coro Meridianos en la inauguraci\u00f3n del primer proyecto Erasmus+ del Pol\u00edgono Sur.<\/p>\n","protected":false},"excerpt":{"rendered":"<p>Actuaci\u00f3n del Coro Meridianos en la inauguraci\u00f3n del primer proyecto Erasmus+ del Pol\u00edgono Sur.<\/p>\n","protected":false},"author":7,"featured_media":4768,"comment_status":"closed","ping_status":"closed","sticky":false,"template":"","format":"standard","meta":[],"categories":[53],"tags":[],"_links":{"self":[{"href":"https:\/\/coro.meridianos.org\/index.php\/wp-json\/wp\/v2\/posts\/4798"}],"collection":[{"href":"https:\/\/coro.meridianos.org\/index.php\/wp-json\/wp\/v2\/posts"}],"about":[{"href":"https:\/\/coro.meridianos.org\/index.php\/wp-json\/wp\/v2\/types\/post"}],"author":[{"embeddable":true,"href":"https:\/\/coro.meridianos.org\/index.php\/wp-json\/wp\/v2\/users\/7"}],"replies":[{"embeddable":true,"href":"https:\/\/coro.meridianos.org\/index.php\/wp-json\/wp\/v2\/comments?post=4798"}],"version-history":[{"count":4,"href":"https:\/\/coro.meridianos.org\/index.php\/wp-json\/wp\/v2\/posts\/4798\/revisions"}],"predecessor-version":[{"id":4957,"href":"https:\/\/coro.meridianos.org\/index.php\/wp-json\/wp\/v2\/posts\/4798\/revisions\/4957"}],"wp:featuredmedia":[{"embeddable":true,"href":"https:\/\/coro.meridianos.org\/index.php\/wp-json\/wp\/v2\/media\/4768"}],"wp:attachment":[{"href":"https:\/\/coro.meridianos.org\/index.php\/wp-json\/wp\/v2\/media?parent=4798"}],"wp:term":[{"taxonomy":"category","embeddable":true,"href":"https:\/\/coro.meridianos.org\/index.php\/wp-json\/wp\/v2\/categories?post=4798"},{"taxonomy":"post_tag","embeddable":true,"href":"https:\/\/coro.meridianos.org\/index.php\/wp-json\/wp\/v2\/tags?post=4798"}],"curies":[{"name":"wp","href":"https:\/\/api.w.org\/{rel}","templated":true}]}}