{"id":4769,"date":"2017-03-01T11:59:56","date_gmt":"2017-03-01T11:59:56","guid":{"rendered":"https:\/\/coro.meridianos.org\/?p=4769"},"modified":"2017-03-01T11:59:56","modified_gmt":"2017-03-01T11:59:56","slug":"actuacion-proyecto-erasmus-2","status":"publish","type":"post","link":"https:\/\/coro.meridianos.org\/index.php\/actuacion-proyecto-erasmus-2\/","title":{"rendered":"Actuaci\u00f3n Proyecto Erasmus"},"content":{"rendered":"<p>El pasado lunes 20 de febrero tuvo lugar una actuaci\u00f3n del Coro Meridianos en el marco de la inauguraci\u00f3n del primer proyecto Erasmus que se desarrolla en el Pol\u00edgono Sur. El concierto tuvo gran acogida entre los asistentes, procedentes de 6 pa\u00edses, y se desarroll\u00f3 en el Instituto Dom\u00ednguez Ortiz, impulsor de la iniciativa. En la secci\u00f3n de &#8220;Galer\u00eda&#8221; se pueden ver algunas fotos del evento.<\/p>\n","protected":false},"excerpt":{"rendered":"<p>El pasado lunes 20 de febrero tuvo lugar una actuaci\u00f3n del Coro Meridianos en el marco de la inauguraci\u00f3n del primer proyecto Erasmus que se desarrolla en el Pol\u00edgono Sur. El concierto tuvo gran acogida entre los asistentes, procedentes de 6 pa\u00edses, y se desarroll\u00f3 en el Instituto Dom\u00ednguez Ortiz, impulsor de la iniciativa. En [&hellip;]<\/p>\n","protected":false},"author":7,"featured_media":4768,"comment_status":"closed","ping_status":"closed","sticky":false,"template":"","format":"standard","meta":[],"categories":[55],"tags":[],"_links":{"self":[{"href":"https:\/\/coro.meridianos.org\/index.php\/wp-json\/wp\/v2\/posts\/4769"}],"collection":[{"href":"https:\/\/coro.meridianos.org\/index.php\/wp-json\/wp\/v2\/posts"}],"about":[{"href":"https:\/\/coro.meridianos.org\/index.php\/wp-json\/wp\/v2\/types\/post"}],"author":[{"embeddable":true,"href":"https:\/\/coro.meridianos.org\/index.php\/wp-json\/wp\/v2\/users\/7"}],"replies":[{"embeddable":true,"href":"https:\/\/coro.meridianos.org\/index.php\/wp-json\/wp\/v2\/comments?post=4769"}],"version-history":[{"count":1,"href":"https:\/\/coro.meridianos.org\/index.php\/wp-json\/wp\/v2\/posts\/4769\/revisions"}],"predecessor-version":[{"id":4770,"href":"https:\/\/coro.meridianos.org\/index.php\/wp-json\/wp\/v2\/posts\/4769\/revisions\/4770"}],"wp:featuredmedia":[{"embeddable":true,"href":"https:\/\/coro.meridianos.org\/index.php\/wp-json\/wp\/v2\/media\/4768"}],"wp:attachment":[{"href":"https:\/\/coro.meridianos.org\/index.php\/wp-json\/wp\/v2\/media?parent=4769"}],"wp:term":[{"taxonomy":"category","embeddable":true,"href":"https:\/\/coro.meridianos.org\/index.php\/wp-json\/wp\/v2\/categories?post=4769"},{"taxonomy":"post_tag","embeddable":true,"href":"https:\/\/coro.meridianos.org\/index.php\/wp-json\/wp\/v2\/tags?post=4769"}],"curies":[{"name":"wp","href":"https:\/\/api.w.org\/{rel}","templated":true}]}}