{"id":4690,"date":"2016-12-27T10:10:15","date_gmt":"2016-12-27T10:10:15","guid":{"rendered":"https:\/\/coro.meridianos.org\/?p=4690"},"modified":"2016-12-27T10:10:15","modified_gmt":"2016-12-27T10:10:15","slug":"conciertos-de-navidad-3","status":"publish","type":"post","link":"https:\/\/coro.meridianos.org\/index.php\/conciertos-de-navidad-3\/","title":{"rendered":"Conciertos de Navidad"},"content":{"rendered":"<p>Los conciertos de Navidad de los d\u00edas 16 y 18 de Diciembre en la Iglesia Parroquial del Claret y en la Capilla de San Jos\u00e9 supusieron un gran \u00e9xito de p\u00fablico, que qued\u00f3 encantado con la interpretaci\u00f3n de villancicos tradicionales junto a canciones de diferentes partes del mundo y villancicos originales compuestos por Rafael Vega, director del coro. Contamos con el acompa\u00f1amiento al piano de Juan Carlos Ortega, y al clarinete y saxof\u00f3n de Gustavo Dom\u00ednguez, director del coro.<\/p>\n","protected":false},"excerpt":{"rendered":"<p>Los conciertos de Navidad de los d\u00edas 16 y 18 de Diciembre en la Iglesia Parroquial del Claret y en la Capilla de San Jos\u00e9 supusieron un gran \u00e9xito de p\u00fablico, que qued\u00f3 encantado con la interpretaci\u00f3n de villancicos tradicionales junto a canciones de diferentes partes del mundo y villancicos originales compuestos por Rafael Vega, [&hellip;]<\/p>\n","protected":false},"author":7,"featured_media":4691,"comment_status":"closed","ping_status":"closed","sticky":false,"template":"","format":"standard","meta":[],"categories":[55],"tags":[],"_links":{"self":[{"href":"https:\/\/coro.meridianos.org\/index.php\/wp-json\/wp\/v2\/posts\/4690"}],"collection":[{"href":"https:\/\/coro.meridianos.org\/index.php\/wp-json\/wp\/v2\/posts"}],"about":[{"href":"https:\/\/coro.meridianos.org\/index.php\/wp-json\/wp\/v2\/types\/post"}],"author":[{"embeddable":true,"href":"https:\/\/coro.meridianos.org\/index.php\/wp-json\/wp\/v2\/users\/7"}],"replies":[{"embeddable":true,"href":"https:\/\/coro.meridianos.org\/index.php\/wp-json\/wp\/v2\/comments?post=4690"}],"version-history":[{"count":1,"href":"https:\/\/coro.meridianos.org\/index.php\/wp-json\/wp\/v2\/posts\/4690\/revisions"}],"predecessor-version":[{"id":4692,"href":"https:\/\/coro.meridianos.org\/index.php\/wp-json\/wp\/v2\/posts\/4690\/revisions\/4692"}],"wp:featuredmedia":[{"embeddable":true,"href":"https:\/\/coro.meridianos.org\/index.php\/wp-json\/wp\/v2\/media\/4691"}],"wp:attachment":[{"href":"https:\/\/coro.meridianos.org\/index.php\/wp-json\/wp\/v2\/media?parent=4690"}],"wp:term":[{"taxonomy":"category","embeddable":true,"href":"https:\/\/coro.meridianos.org\/index.php\/wp-json\/wp\/v2\/categories?post=4690"},{"taxonomy":"post_tag","embeddable":true,"href":"https:\/\/coro.meridianos.org\/index.php\/wp-json\/wp\/v2\/tags?post=4690"}],"curies":[{"name":"wp","href":"https:\/\/api.w.org\/{rel}","templated":true}]}}