{"id":4105,"date":"2016-07-19T15:02:52","date_gmt":"2016-07-19T15:02:52","guid":{"rendered":"https:\/\/coro.meridianos.org\/?p=4105"},"modified":"2016-09-30T11:15:14","modified_gmt":"2016-09-30T11:15:14","slug":"resumen-de-la-jornada-con-el-colburn-children-choirs","status":"publish","type":"post","link":"https:\/\/coro.meridianos.org\/index.php\/resumen-de-la-jornada-con-el-colburn-children-choirs\/","title":{"rendered":"Resumen de la jornada con el Colburn Children&#8217;s Choir"},"content":{"rendered":"<p><a href=\"https:\/\/coro.meridianos.org\/wp-content\/uploads\/2016\/07\/DSC_0766.jpg\"><img loading=\"lazy\" class=\" wp-image-4108 alignleft\" src=\"https:\/\/coro.meridianos.org\/wp-content\/uploads\/2016\/07\/DSC_0766-150x150.jpg\" alt=\"DSC_0766\" width=\"130\" height=\"130\" \/><\/a>El pasado martes 12 de Julio el Coro Meridianos particip\u00f3 conjuntamente con el Colburn&#8217;s Children Choir de Los \u00c1ngeles (Estados Unidos) en un taller de formaci\u00f3n coral, un almuerzo y un concierto conjunto en la Iglesia de la Anunciaci\u00f3n, con el que culmin\u00f3 la jornada. Estas actividades tuvieron un gran inter\u00e9s para nuestros chicos y chicas y despert\u00f3 un gran inter\u00e9s en la prensa regional, como podemos ver en los siguientes enlaces:<\/p>\n<p>&nbsp;<\/p>\n<p><a href=\"https:\/\/coro.meridianos.org\/index.php\/prensa\/taller-y-concierto-con-el-colburn-childrens-choir\/\" target=\"_blank\">Prensa escrita<\/a><\/p>\n<p><a href=\"https:\/\/coro.meridianos.org\/index.php\/videos\/ensayo-con-colburn-school-en-canal-sur-y-el-correo-tv\/\">Televisi\u00f3n<\/a><\/p>\n","protected":false},"excerpt":{"rendered":"<p>El pasado martes 12 de Julio el Coro Meridianos particip\u00f3 conjuntamente con el Colburn&#8217;s Children Choir de Los \u00c1ngeles (Estados Unidos) en un taller de formaci\u00f3n coral, un almuerzo y un concierto conjunto en la Iglesia de la Anunciaci\u00f3n, con el que culmin\u00f3 la jornada. Estas actividades tuvieron un gran inter\u00e9s para nuestros chicos y [&hellip;]<\/p>\n","protected":false},"author":7,"featured_media":4110,"comment_status":"closed","ping_status":"closed","sticky":false,"template":"","format":"standard","meta":[],"categories":[55],"tags":[],"_links":{"self":[{"href":"https:\/\/coro.meridianos.org\/index.php\/wp-json\/wp\/v2\/posts\/4105"}],"collection":[{"href":"https:\/\/coro.meridianos.org\/index.php\/wp-json\/wp\/v2\/posts"}],"about":[{"href":"https:\/\/coro.meridianos.org\/index.php\/wp-json\/wp\/v2\/types\/post"}],"author":[{"embeddable":true,"href":"https:\/\/coro.meridianos.org\/index.php\/wp-json\/wp\/v2\/users\/7"}],"replies":[{"embeddable":true,"href":"https:\/\/coro.meridianos.org\/index.php\/wp-json\/wp\/v2\/comments?post=4105"}],"version-history":[{"count":5,"href":"https:\/\/coro.meridianos.org\/index.php\/wp-json\/wp\/v2\/posts\/4105\/revisions"}],"predecessor-version":[{"id":4552,"href":"https:\/\/coro.meridianos.org\/index.php\/wp-json\/wp\/v2\/posts\/4105\/revisions\/4552"}],"wp:featuredmedia":[{"embeddable":true,"href":"https:\/\/coro.meridianos.org\/index.php\/wp-json\/wp\/v2\/media\/4110"}],"wp:attachment":[{"href":"https:\/\/coro.meridianos.org\/index.php\/wp-json\/wp\/v2\/media?parent=4105"}],"wp:term":[{"taxonomy":"category","embeddable":true,"href":"https:\/\/coro.meridianos.org\/index.php\/wp-json\/wp\/v2\/categories?post=4105"},{"taxonomy":"post_tag","embeddable":true,"href":"https:\/\/coro.meridianos.org\/index.php\/wp-json\/wp\/v2\/tags?post=4105"}],"curies":[{"name":"wp","href":"https:\/\/api.w.org\/{rel}","templated":true}]}}