{"id":4078,"date":"2016-07-04T13:22:42","date_gmt":"2016-07-04T13:22:42","guid":{"rendered":"https:\/\/coro.meridianos.org\/?p=4078"},"modified":"2016-09-30T11:53:57","modified_gmt":"2016-09-30T11:53:57","slug":"concierto-conjunto-con-el-colburn-childrens-choir","status":"publish","type":"post","link":"https:\/\/coro.meridianos.org\/index.php\/concierto-conjunto-con-el-colburn-childrens-choir\/","title":{"rendered":"Concierto Conjunto con el Colburn Children&#8217;s Choir"},"content":{"rendered":"<p>El pr\u00f3ximo martes 12 de Julio tendr\u00e1 lugar en la Iglesia de la Anunciaci\u00f3n (calle Lara\u00f1a) un concierto conjunto del Coro Meridianos y el Colburn Children&#8217;s Choir de Los \u00c1ngeles, que pasar\u00e1 por nuestra ciudad como parte de su gira europea. Ser\u00e1 a las 20:30 horas y como culminaci\u00f3n de una jornada de trabajo conjunto.<\/p>\n","protected":false},"excerpt":{"rendered":"<p>El pr\u00f3ximo martes 12 de Julio tendr\u00e1 lugar en la Iglesia de la Anunciaci\u00f3n (calle Lara\u00f1a) un concierto conjunto del Coro Meridianos y el Colburn Children&#8217;s Choir de Los \u00c1ngeles, que pasar\u00e1 por nuestra ciudad como parte de su gira europea. Ser\u00e1 a las 20:30 horas y como culminaci\u00f3n de una jornada de trabajo conjunto.<\/p>\n","protected":false},"author":7,"featured_media":4079,"comment_status":"closed","ping_status":"closed","sticky":false,"template":"","format":"standard","meta":[],"categories":[55],"tags":[],"_links":{"self":[{"href":"https:\/\/coro.meridianos.org\/index.php\/wp-json\/wp\/v2\/posts\/4078"}],"collection":[{"href":"https:\/\/coro.meridianos.org\/index.php\/wp-json\/wp\/v2\/posts"}],"about":[{"href":"https:\/\/coro.meridianos.org\/index.php\/wp-json\/wp\/v2\/types\/post"}],"author":[{"embeddable":true,"href":"https:\/\/coro.meridianos.org\/index.php\/wp-json\/wp\/v2\/users\/7"}],"replies":[{"embeddable":true,"href":"https:\/\/coro.meridianos.org\/index.php\/wp-json\/wp\/v2\/comments?post=4078"}],"version-history":[{"count":3,"href":"https:\/\/coro.meridianos.org\/index.php\/wp-json\/wp\/v2\/posts\/4078\/revisions"}],"predecessor-version":[{"id":4612,"href":"https:\/\/coro.meridianos.org\/index.php\/wp-json\/wp\/v2\/posts\/4078\/revisions\/4612"}],"wp:featuredmedia":[{"embeddable":true,"href":"https:\/\/coro.meridianos.org\/index.php\/wp-json\/wp\/v2\/media\/4079"}],"wp:attachment":[{"href":"https:\/\/coro.meridianos.org\/index.php\/wp-json\/wp\/v2\/media?parent=4078"}],"wp:term":[{"taxonomy":"category","embeddable":true,"href":"https:\/\/coro.meridianos.org\/index.php\/wp-json\/wp\/v2\/categories?post=4078"},{"taxonomy":"post_tag","embeddable":true,"href":"https:\/\/coro.meridianos.org\/index.php\/wp-json\/wp\/v2\/tags?post=4078"}],"curies":[{"name":"wp","href":"https:\/\/api.w.org\/{rel}","templated":true}]}}