{"id":4073,"date":"2016-06-22T09:50:43","date_gmt":"2016-06-22T09:50:43","guid":{"rendered":"https:\/\/coro.meridianos.org\/?p=4073"},"modified":"2016-09-30T11:53:51","modified_gmt":"2016-09-30T11:53:51","slug":"convivencia-y-concierto-en-el-bosque","status":"publish","type":"post","link":"https:\/\/coro.meridianos.org\/index.php\/convivencia-y-concierto-en-el-bosque\/","title":{"rendered":"Convivencia y concierto en El Bosque"},"content":{"rendered":"<p>El pr\u00f3ximo fin de semana el Coro Meridianos estar\u00e1 en la localidad de la sierra gaditana de El Bosque, en la que podr\u00e1n disfrutar de una jornada de convivencia en la naturaleza y que culminar\u00e1 en un concierto en el Sal\u00f3n de Actos de el pueblo a las 21 horas del s\u00e1bado 25 de Junio.<\/p>\n","protected":false},"excerpt":{"rendered":"<p>El pr\u00f3ximo fin de semana el Coro Meridianos estar\u00e1 en la localidad de la sierra gaditana de El Bosque, en la que podr\u00e1n disfrutar de una jornada de convivencia en la naturaleza y que culminar\u00e1 en un concierto en el Sal\u00f3n de Actos de el pueblo a las 21 horas del s\u00e1bado 25 de Junio.<\/p>\n","protected":false},"author":7,"featured_media":4074,"comment_status":"closed","ping_status":"closed","sticky":false,"template":"","format":"standard","meta":[],"categories":[55],"tags":[],"_links":{"self":[{"href":"https:\/\/coro.meridianos.org\/index.php\/wp-json\/wp\/v2\/posts\/4073"}],"collection":[{"href":"https:\/\/coro.meridianos.org\/index.php\/wp-json\/wp\/v2\/posts"}],"about":[{"href":"https:\/\/coro.meridianos.org\/index.php\/wp-json\/wp\/v2\/types\/post"}],"author":[{"embeddable":true,"href":"https:\/\/coro.meridianos.org\/index.php\/wp-json\/wp\/v2\/users\/7"}],"replies":[{"embeddable":true,"href":"https:\/\/coro.meridianos.org\/index.php\/wp-json\/wp\/v2\/comments?post=4073"}],"version-history":[{"count":3,"href":"https:\/\/coro.meridianos.org\/index.php\/wp-json\/wp\/v2\/posts\/4073\/revisions"}],"predecessor-version":[{"id":4611,"href":"https:\/\/coro.meridianos.org\/index.php\/wp-json\/wp\/v2\/posts\/4073\/revisions\/4611"}],"wp:featuredmedia":[{"embeddable":true,"href":"https:\/\/coro.meridianos.org\/index.php\/wp-json\/wp\/v2\/media\/4074"}],"wp:attachment":[{"href":"https:\/\/coro.meridianos.org\/index.php\/wp-json\/wp\/v2\/media?parent=4073"}],"wp:term":[{"taxonomy":"category","embeddable":true,"href":"https:\/\/coro.meridianos.org\/index.php\/wp-json\/wp\/v2\/categories?post=4073"},{"taxonomy":"post_tag","embeddable":true,"href":"https:\/\/coro.meridianos.org\/index.php\/wp-json\/wp\/v2\/tags?post=4073"}],"curies":[{"name":"wp","href":"https:\/\/api.w.org\/{rel}","templated":true}]}}