{"id":4046,"date":"2016-05-23T11:44:53","date_gmt":"2016-05-23T11:44:53","guid":{"rendered":"https:\/\/coro.meridianos.org\/?p=4046"},"modified":"2016-09-30T11:53:46","modified_gmt":"2016-09-30T11:53:46","slug":"concierto-de-inauguracion-radio-abierta","status":"publish","type":"post","link":"https:\/\/coro.meridianos.org\/index.php\/concierto-de-inauguracion-radio-abierta\/","title":{"rendered":"Concierto de Inauguraci\u00f3n Radio Abierta"},"content":{"rendered":"<p>El pr\u00f3ximo viernes 27 de Mayo, con motivo de la inauguraci\u00f3n de la Emisora Radio Abierta de Entreamigos, primera emisora de Radio en abierto de El Pol\u00edgono Sur, el Coro Meridianos realizar\u00e1 un concierto en el Sal\u00f3n de Actos de la Fundaci\u00f3n Don Bosco. Ser\u00e1 a las 18:30 de la tarde, y se estrenar\u00e1n algunas piezas nuevas en el repertorio del coro.<\/p>\n","protected":false},"excerpt":{"rendered":"<p>El pr\u00f3ximo viernes 27 de Mayo, con motivo de la inauguraci\u00f3n de la Emisora Radio Abierta de Entreamigos, primera emisora de Radio en abierto de El Pol\u00edgono Sur, el Coro Meridianos realizar\u00e1 un concierto en el Sal\u00f3n de Actos de la Fundaci\u00f3n Don Bosco. Ser\u00e1 a las 18:30 de la tarde, y se estrenar\u00e1n algunas [&hellip;]<\/p>\n","protected":false},"author":7,"featured_media":3850,"comment_status":"closed","ping_status":"closed","sticky":false,"template":"","format":"standard","meta":[],"categories":[55],"tags":[],"_links":{"self":[{"href":"https:\/\/coro.meridianos.org\/index.php\/wp-json\/wp\/v2\/posts\/4046"}],"collection":[{"href":"https:\/\/coro.meridianos.org\/index.php\/wp-json\/wp\/v2\/posts"}],"about":[{"href":"https:\/\/coro.meridianos.org\/index.php\/wp-json\/wp\/v2\/types\/post"}],"author":[{"embeddable":true,"href":"https:\/\/coro.meridianos.org\/index.php\/wp-json\/wp\/v2\/users\/7"}],"replies":[{"embeddable":true,"href":"https:\/\/coro.meridianos.org\/index.php\/wp-json\/wp\/v2\/comments?post=4046"}],"version-history":[{"count":3,"href":"https:\/\/coro.meridianos.org\/index.php\/wp-json\/wp\/v2\/posts\/4046\/revisions"}],"predecessor-version":[{"id":4610,"href":"https:\/\/coro.meridianos.org\/index.php\/wp-json\/wp\/v2\/posts\/4046\/revisions\/4610"}],"wp:featuredmedia":[{"embeddable":true,"href":"https:\/\/coro.meridianos.org\/index.php\/wp-json\/wp\/v2\/media\/3850"}],"wp:attachment":[{"href":"https:\/\/coro.meridianos.org\/index.php\/wp-json\/wp\/v2\/media?parent=4046"}],"wp:term":[{"taxonomy":"category","embeddable":true,"href":"https:\/\/coro.meridianos.org\/index.php\/wp-json\/wp\/v2\/categories?post=4046"},{"taxonomy":"post_tag","embeddable":true,"href":"https:\/\/coro.meridianos.org\/index.php\/wp-json\/wp\/v2\/tags?post=4046"}],"curies":[{"name":"wp","href":"https:\/\/api.w.org\/{rel}","templated":true}]}}