{"id":3966,"date":"2016-05-09T08:20:18","date_gmt":"2016-05-09T08:20:18","guid":{"rendered":"https:\/\/coro.meridianos.org\/?p=3966"},"modified":"2016-09-30T11:53:40","modified_gmt":"2016-09-30T11:53:40","slug":"actuacion-en-el-teatro-de-la-maestranza","status":"publish","type":"post","link":"https:\/\/coro.meridianos.org\/index.php\/actuacion-en-el-teatro-de-la-maestranza\/","title":{"rendered":"Actuaci\u00f3n en el Teatro de la Maestranza"},"content":{"rendered":"<p>El pasado domingo 8 de Mayo, el Coro Meridianos tuvo la oportunidad de realizar una important\u00edsima actuaci\u00f3n en el teatro m\u00e1s importante de Sevilla. En el contexto del d\u00eda europeo de la \u00f3pera el coro realiz\u00f3 varias intervenciones en el Teatro de la Maestranza con m\u00fasica de la \u00f3pera &#8220;El Barbero de Sevilla&#8221; de Rossini, de la que este a\u00f1o se cumple el 200 aniversario. Fue una jornada que los chicos y chicas del coro, as\u00ed como sus familias, vivieron con gran ilusi\u00f3n, y que tuvo gran repercusi\u00f3n y muy buena acogida entre el p\u00fablico y los medios.<a href=\"https:\/\/coro.meridianos.org\/wp-content\/uploads\/2016\/05\/DSC_0577.jpg\"><img loading=\"lazy\" class=\"aligncenter wp-image-3970 size-medium\" src=\"https:\/\/coro.meridianos.org\/wp-content\/uploads\/2016\/05\/DSC_0577-300x199.jpg\" alt=\"DSC_0577\" width=\"300\" height=\"199\" srcset=\"https:\/\/coro.meridianos.org\/wp-content\/uploads\/2016\/05\/DSC_0577-300x199.jpg 300w, https:\/\/coro.meridianos.org\/wp-content\/uploads\/2016\/05\/DSC_0577-768x509.jpg 768w, https:\/\/coro.meridianos.org\/wp-content\/uploads\/2016\/05\/DSC_0577-1024x678.jpg 1024w\" sizes=\"(max-width: 300px) 100vw, 300px\" \/><\/a><\/p>\n","protected":false},"excerpt":{"rendered":"<p>El pasado domingo 8 de Mayo, el Coro Meridianos tuvo la oportunidad de realizar una important\u00edsima actuaci\u00f3n en el teatro m\u00e1s importante de Sevilla. En el contexto del d\u00eda europeo de la \u00f3pera el coro realiz\u00f3 varias intervenciones en el Teatro de la Maestranza con m\u00fasica de la \u00f3pera &#8220;El Barbero de Sevilla&#8221; de Rossini, [&hellip;]<\/p>\n","protected":false},"author":7,"featured_media":3967,"comment_status":"closed","ping_status":"closed","sticky":false,"template":"","format":"standard","meta":[],"categories":[55],"tags":[],"_links":{"self":[{"href":"https:\/\/coro.meridianos.org\/index.php\/wp-json\/wp\/v2\/posts\/3966"}],"collection":[{"href":"https:\/\/coro.meridianos.org\/index.php\/wp-json\/wp\/v2\/posts"}],"about":[{"href":"https:\/\/coro.meridianos.org\/index.php\/wp-json\/wp\/v2\/types\/post"}],"author":[{"embeddable":true,"href":"https:\/\/coro.meridianos.org\/index.php\/wp-json\/wp\/v2\/users\/7"}],"replies":[{"embeddable":true,"href":"https:\/\/coro.meridianos.org\/index.php\/wp-json\/wp\/v2\/comments?post=3966"}],"version-history":[{"count":4,"href":"https:\/\/coro.meridianos.org\/index.php\/wp-json\/wp\/v2\/posts\/3966\/revisions"}],"predecessor-version":[{"id":4609,"href":"https:\/\/coro.meridianos.org\/index.php\/wp-json\/wp\/v2\/posts\/3966\/revisions\/4609"}],"wp:featuredmedia":[{"embeddable":true,"href":"https:\/\/coro.meridianos.org\/index.php\/wp-json\/wp\/v2\/media\/3967"}],"wp:attachment":[{"href":"https:\/\/coro.meridianos.org\/index.php\/wp-json\/wp\/v2\/media?parent=3966"}],"wp:term":[{"taxonomy":"category","embeddable":true,"href":"https:\/\/coro.meridianos.org\/index.php\/wp-json\/wp\/v2\/categories?post=3966"},{"taxonomy":"post_tag","embeddable":true,"href":"https:\/\/coro.meridianos.org\/index.php\/wp-json\/wp\/v2\/tags?post=3966"}],"curies":[{"name":"wp","href":"https:\/\/api.w.org\/{rel}","templated":true}]}}