{"id":3946,"date":"2016-04-23T10:35:42","date_gmt":"2016-04-23T10:35:42","guid":{"rendered":"https:\/\/coro.meridianos.org\/?p=3946"},"modified":"2016-09-28T16:30:56","modified_gmt":"2016-09-28T16:30:56","slug":"participacion-en-el-barbero-en-familia","status":"publish","type":"post","link":"https:\/\/coro.meridianos.org\/index.php\/participacion-en-el-barbero-en-familia\/","title":{"rendered":"Participaci\u00f3n en &#8220;El Barbero en Familia&#8221;"},"content":{"rendered":"<p>Nuestros amigos de &#8220;Pasi\u00f3n por la M\u00fasica&#8221;, con ocasi\u00f3n de los actos de celebraci\u00f3n del bicentenario del Barbero de Sevilla, organizan el domingo d\u00eda 24 un taller para familias en torno a la c\u00e9lebre \u00f3pera de Rossini. Los componentes del Coro Meridianos junto con sus familias (en total de m\u00e1s de 50 personas), participar\u00e1n en el acto que promete estar lleno de sorpresas y diversi\u00f3n.<\/p>\n","protected":false},"excerpt":{"rendered":"<p>Nuestros amigos de &#8220;Pasi\u00f3n por la M\u00fasica&#8221;, con ocasi\u00f3n de los actos de celebraci\u00f3n del bicentenario del Barbero de Sevilla, organizan el domingo d\u00eda 24 un taller para familias en torno a la c\u00e9lebre \u00f3pera de Rossini. Los componentes del Coro Meridianos junto con sus familias (en total de m\u00e1s de 50 personas), participar\u00e1n en [&hellip;]<\/p>\n","protected":false},"author":7,"featured_media":3948,"comment_status":"closed","ping_status":"closed","sticky":false,"template":"","format":"standard","meta":[],"categories":[55],"tags":[],"_links":{"self":[{"href":"https:\/\/coro.meridianos.org\/index.php\/wp-json\/wp\/v2\/posts\/3946"}],"collection":[{"href":"https:\/\/coro.meridianos.org\/index.php\/wp-json\/wp\/v2\/posts"}],"about":[{"href":"https:\/\/coro.meridianos.org\/index.php\/wp-json\/wp\/v2\/types\/post"}],"author":[{"embeddable":true,"href":"https:\/\/coro.meridianos.org\/index.php\/wp-json\/wp\/v2\/users\/7"}],"replies":[{"embeddable":true,"href":"https:\/\/coro.meridianos.org\/index.php\/wp-json\/wp\/v2\/comments?post=3946"}],"version-history":[{"count":6,"href":"https:\/\/coro.meridianos.org\/index.php\/wp-json\/wp\/v2\/posts\/3946\/revisions"}],"predecessor-version":[{"id":4398,"href":"https:\/\/coro.meridianos.org\/index.php\/wp-json\/wp\/v2\/posts\/3946\/revisions\/4398"}],"wp:featuredmedia":[{"embeddable":true,"href":"https:\/\/coro.meridianos.org\/index.php\/wp-json\/wp\/v2\/media\/3948"}],"wp:attachment":[{"href":"https:\/\/coro.meridianos.org\/index.php\/wp-json\/wp\/v2\/media?parent=3946"}],"wp:term":[{"taxonomy":"category","embeddable":true,"href":"https:\/\/coro.meridianos.org\/index.php\/wp-json\/wp\/v2\/categories?post=3946"},{"taxonomy":"post_tag","embeddable":true,"href":"https:\/\/coro.meridianos.org\/index.php\/wp-json\/wp\/v2\/tags?post=3946"}],"curies":[{"name":"wp","href":"https:\/\/api.w.org\/{rel}","templated":true}]}}