{"id":3920,"date":"2016-02-19T18:36:44","date_gmt":"2016-02-19T18:36:44","guid":{"rendered":"https:\/\/coro.meridianos.org\/?p=3920"},"modified":"2016-09-30T11:53:29","modified_gmt":"2016-09-30T11:53:29","slug":"jornada-de-formacion-del-coro","status":"publish","type":"post","link":"https:\/\/coro.meridianos.org\/index.php\/jornada-de-formacion-del-coro\/","title":{"rendered":"Jornada de formaci\u00f3n del coro"},"content":{"rendered":"<p>El pasado s\u00e1bado 13 de febrero tuvo lugar en la sede del coro una jornada en la que se desarrollaron unas sesiones de formaci\u00f3n vocal y corporal a cargo de Maril\u00e9 R\u00edos y Arturo Parrilla respectivamente. Fue una ma\u00f1ana muy productiva en la que los integrantes del coro pudieron desarrollar capacidades que les permitir\u00e1n mejorar el uso de su voz y su presencia esc\u00e9nica. <a href=\"https:\/\/coro.meridianos.org\/wp-content\/uploads\/2016\/02\/DSC_0551.jpg\"><img loading=\"lazy\" class=\"aligncenter size-thumbnail wp-image-3923\" src=\"https:\/\/coro.meridianos.org\/wp-content\/uploads\/2016\/02\/DSC_0551-150x150.jpg\" alt=\"DSC_0551\" width=\"150\" height=\"150\" \/><\/a><\/p>\n","protected":false},"excerpt":{"rendered":"<p>El pasado s\u00e1bado 13 de febrero tuvo lugar en la sede del coro una jornada en la que se desarrollaron unas sesiones de formaci\u00f3n vocal y corporal a cargo de Maril\u00e9 R\u00edos y Arturo Parrilla respectivamente. Fue una ma\u00f1ana muy productiva en la que los integrantes del coro pudieron desarrollar capacidades que les permitir\u00e1n mejorar [&hellip;]<\/p>\n","protected":false},"author":7,"featured_media":3921,"comment_status":"closed","ping_status":"closed","sticky":false,"template":"","format":"standard","meta":[],"categories":[55],"tags":[],"_links":{"self":[{"href":"https:\/\/coro.meridianos.org\/index.php\/wp-json\/wp\/v2\/posts\/3920"}],"collection":[{"href":"https:\/\/coro.meridianos.org\/index.php\/wp-json\/wp\/v2\/posts"}],"about":[{"href":"https:\/\/coro.meridianos.org\/index.php\/wp-json\/wp\/v2\/types\/post"}],"author":[{"embeddable":true,"href":"https:\/\/coro.meridianos.org\/index.php\/wp-json\/wp\/v2\/users\/7"}],"replies":[{"embeddable":true,"href":"https:\/\/coro.meridianos.org\/index.php\/wp-json\/wp\/v2\/comments?post=3920"}],"version-history":[{"count":5,"href":"https:\/\/coro.meridianos.org\/index.php\/wp-json\/wp\/v2\/posts\/3920\/revisions"}],"predecessor-version":[{"id":4608,"href":"https:\/\/coro.meridianos.org\/index.php\/wp-json\/wp\/v2\/posts\/3920\/revisions\/4608"}],"wp:featuredmedia":[{"embeddable":true,"href":"https:\/\/coro.meridianos.org\/index.php\/wp-json\/wp\/v2\/media\/3921"}],"wp:attachment":[{"href":"https:\/\/coro.meridianos.org\/index.php\/wp-json\/wp\/v2\/media?parent=3920"}],"wp:term":[{"taxonomy":"category","embeddable":true,"href":"https:\/\/coro.meridianos.org\/index.php\/wp-json\/wp\/v2\/categories?post=3920"},{"taxonomy":"post_tag","embeddable":true,"href":"https:\/\/coro.meridianos.org\/index.php\/wp-json\/wp\/v2\/tags?post=3920"}],"curies":[{"name":"wp","href":"https:\/\/api.w.org\/{rel}","templated":true}]}}