{"id":3880,"date":"2015-12-23T09:42:05","date_gmt":"2015-12-23T09:42:05","guid":{"rendered":"https:\/\/coro.meridianos.org\/?p=3880"},"modified":"2016-09-30T11:53:24","modified_gmt":"2016-09-30T11:53:24","slug":"felicitacion-de-navidad-2","status":"publish","type":"post","link":"https:\/\/coro.meridianos.org\/index.php\/felicitacion-de-navidad-2\/","title":{"rendered":"Felicitaci\u00f3n de Navidad"},"content":{"rendered":"<p>Nos despedimos del curso con una muestra del extraordinario trabajo que realiza el Coro Meridianos bajo la gu\u00eda de su director, Rafael de Carlos. Un v\u00eddeo de felicitaci\u00f3n navide\u00f1a con una composici\u00f3n original del propio Rafael interpretada por una orquesta profesional y el Coro Meridianos. No dej\u00e9is de verlo en la secci\u00f3n de v\u00eddeos de nuestra web. Esperamos que os guste y os deseamos unas muy Felices Fiestas.<\/p>\n","protected":false},"excerpt":{"rendered":"<p>Nos despedimos del curso con una muestra del extraordinario trabajo que realiza el Coro Meridianos bajo la gu\u00eda de su director, Rafael de Carlos. Un v\u00eddeo de felicitaci\u00f3n navide\u00f1a con una composici\u00f3n original del propio Rafael interpretada por una orquesta profesional y el Coro Meridianos. No dej\u00e9is de verlo en la secci\u00f3n de v\u00eddeos de [&hellip;]<\/p>\n","protected":false},"author":7,"featured_media":3914,"comment_status":"closed","ping_status":"closed","sticky":false,"template":"","format":"standard","meta":[],"categories":[55],"tags":[],"_links":{"self":[{"href":"https:\/\/coro.meridianos.org\/index.php\/wp-json\/wp\/v2\/posts\/3880"}],"collection":[{"href":"https:\/\/coro.meridianos.org\/index.php\/wp-json\/wp\/v2\/posts"}],"about":[{"href":"https:\/\/coro.meridianos.org\/index.php\/wp-json\/wp\/v2\/types\/post"}],"author":[{"embeddable":true,"href":"https:\/\/coro.meridianos.org\/index.php\/wp-json\/wp\/v2\/users\/7"}],"replies":[{"embeddable":true,"href":"https:\/\/coro.meridianos.org\/index.php\/wp-json\/wp\/v2\/comments?post=3880"}],"version-history":[{"count":2,"href":"https:\/\/coro.meridianos.org\/index.php\/wp-json\/wp\/v2\/posts\/3880\/revisions"}],"predecessor-version":[{"id":4607,"href":"https:\/\/coro.meridianos.org\/index.php\/wp-json\/wp\/v2\/posts\/3880\/revisions\/4607"}],"wp:featuredmedia":[{"embeddable":true,"href":"https:\/\/coro.meridianos.org\/index.php\/wp-json\/wp\/v2\/media\/3914"}],"wp:attachment":[{"href":"https:\/\/coro.meridianos.org\/index.php\/wp-json\/wp\/v2\/media?parent=3880"}],"wp:term":[{"taxonomy":"category","embeddable":true,"href":"https:\/\/coro.meridianos.org\/index.php\/wp-json\/wp\/v2\/categories?post=3880"},{"taxonomy":"post_tag","embeddable":true,"href":"https:\/\/coro.meridianos.org\/index.php\/wp-json\/wp\/v2\/tags?post=3880"}],"curies":[{"name":"wp","href":"https:\/\/api.w.org\/{rel}","templated":true}]}}