{"id":3853,"date":"2015-12-23T09:25:50","date_gmt":"2015-12-23T09:25:50","guid":{"rendered":"https:\/\/coro.meridianos.org\/?p=3853"},"modified":"2016-09-30T11:53:19","modified_gmt":"2016-09-30T11:53:19","slug":"conciertos-de-navidad","status":"publish","type":"post","link":"https:\/\/coro.meridianos.org\/index.php\/conciertos-de-navidad\/","title":{"rendered":"Conciertos de Navidad"},"content":{"rendered":"<p><a href=\"https:\/\/coro.meridianos.org\/wp-content\/uploads\/2015\/12\/2015-12-19-21.22.43.jpg\"><img loading=\"lazy\" class=\"alignright size-thumbnail wp-image-3869\" src=\"https:\/\/coro.meridianos.org\/wp-content\/uploads\/2015\/12\/2015-12-19-21.22.43-150x150.jpg\" alt=\"2015-12-19 21.22.43\" width=\"150\" height=\"150\" \/><\/a>El Coro Meridianos ha finalizado este a\u00f1o 2015 cosechando sendos \u00e9xitos en sus conciertos de Navidad que tuvieron lugar en la capilla del Sagrario de la Catedral de Sevilla y en el Sal\u00f3n Don Bosco de la Parroquia Jes\u00fas Obrero. Ambos tuvieron una gran afluencia de p\u00fablico (en el Sagrario rondando las 200 personas) que pudieron disfrutar de un variado concierto de gran calidad musical y conocer la iniciativa que Meridianos desarrolla en el Poligono Sur de Sevilla con ni\u00f1os y ni\u00f1as de altas capacidades musicales.<\/p>\n","protected":false},"excerpt":{"rendered":"<p>El Coro Meridianos ha finalizado este a\u00f1o 2015 cosechando sendos \u00e9xitos en sus conciertos de Navidad que tuvieron lugar en la capilla del Sagrario de la Catedral de Sevilla y en el Sal\u00f3n Don Bosco de la Parroquia Jes\u00fas Obrero. Ambos tuvieron una gran afluencia de p\u00fablico (en el Sagrario rondando las 200 personas) que [&hellip;]<\/p>\n","protected":false},"author":7,"featured_media":3872,"comment_status":"closed","ping_status":"closed","sticky":false,"template":"","format":"standard","meta":[],"categories":[55],"tags":[],"_links":{"self":[{"href":"https:\/\/coro.meridianos.org\/index.php\/wp-json\/wp\/v2\/posts\/3853"}],"collection":[{"href":"https:\/\/coro.meridianos.org\/index.php\/wp-json\/wp\/v2\/posts"}],"about":[{"href":"https:\/\/coro.meridianos.org\/index.php\/wp-json\/wp\/v2\/types\/post"}],"author":[{"embeddable":true,"href":"https:\/\/coro.meridianos.org\/index.php\/wp-json\/wp\/v2\/users\/7"}],"replies":[{"embeddable":true,"href":"https:\/\/coro.meridianos.org\/index.php\/wp-json\/wp\/v2\/comments?post=3853"}],"version-history":[{"count":4,"href":"https:\/\/coro.meridianos.org\/index.php\/wp-json\/wp\/v2\/posts\/3853\/revisions"}],"predecessor-version":[{"id":4606,"href":"https:\/\/coro.meridianos.org\/index.php\/wp-json\/wp\/v2\/posts\/3853\/revisions\/4606"}],"wp:featuredmedia":[{"embeddable":true,"href":"https:\/\/coro.meridianos.org\/index.php\/wp-json\/wp\/v2\/media\/3872"}],"wp:attachment":[{"href":"https:\/\/coro.meridianos.org\/index.php\/wp-json\/wp\/v2\/media?parent=3853"}],"wp:term":[{"taxonomy":"category","embeddable":true,"href":"https:\/\/coro.meridianos.org\/index.php\/wp-json\/wp\/v2\/categories?post=3853"},{"taxonomy":"post_tag","embeddable":true,"href":"https:\/\/coro.meridianos.org\/index.php\/wp-json\/wp\/v2\/tags?post=3853"}],"curies":[{"name":"wp","href":"https:\/\/api.w.org\/{rel}","templated":true}]}}