{"id":3849,"date":"2015-12-15T13:03:00","date_gmt":"2015-12-15T13:03:00","guid":{"rendered":"https:\/\/coro.meridianos.org\/?p=3849"},"modified":"2016-09-30T11:53:10","modified_gmt":"2016-09-30T11:53:10","slug":"concierto-en-el-centro-don-bosco","status":"publish","type":"post","link":"https:\/\/coro.meridianos.org\/index.php\/concierto-en-el-centro-don-bosco\/","title":{"rendered":"Concierto en el Centro Don Bosco"},"content":{"rendered":"<p>La \u00faltima actividad del a\u00f1o ser\u00e1 en el sal\u00f3n de actos del Centro Don Bosco, de la Parroquia Jes\u00fas Obrero. Un concierto de Navidad, realizado en colaboraci\u00f3n con la iniciativa Radio Abierta, con el que felicitaremos las fiestas al Pol\u00edgono Sur. El pr\u00f3ximo lunes 21 de Diciembre a las 5 de la tarde.<\/p>\n","protected":false},"excerpt":{"rendered":"<p>La \u00faltima actividad del a\u00f1o ser\u00e1 en el sal\u00f3n de actos del Centro Don Bosco, de la Parroquia Jes\u00fas Obrero. Un concierto de Navidad, realizado en colaboraci\u00f3n con la iniciativa Radio Abierta, con el que felicitaremos las fiestas al Pol\u00edgono Sur. El pr\u00f3ximo lunes 21 de Diciembre a las 5 de la tarde.<\/p>\n","protected":false},"author":7,"featured_media":3850,"comment_status":"closed","ping_status":"closed","sticky":false,"template":"","format":"standard","meta":[],"categories":[55],"tags":[],"_links":{"self":[{"href":"https:\/\/coro.meridianos.org\/index.php\/wp-json\/wp\/v2\/posts\/3849"}],"collection":[{"href":"https:\/\/coro.meridianos.org\/index.php\/wp-json\/wp\/v2\/posts"}],"about":[{"href":"https:\/\/coro.meridianos.org\/index.php\/wp-json\/wp\/v2\/types\/post"}],"author":[{"embeddable":true,"href":"https:\/\/coro.meridianos.org\/index.php\/wp-json\/wp\/v2\/users\/7"}],"replies":[{"embeddable":true,"href":"https:\/\/coro.meridianos.org\/index.php\/wp-json\/wp\/v2\/comments?post=3849"}],"version-history":[{"count":2,"href":"https:\/\/coro.meridianos.org\/index.php\/wp-json\/wp\/v2\/posts\/3849\/revisions"}],"predecessor-version":[{"id":4605,"href":"https:\/\/coro.meridianos.org\/index.php\/wp-json\/wp\/v2\/posts\/3849\/revisions\/4605"}],"wp:featuredmedia":[{"embeddable":true,"href":"https:\/\/coro.meridianos.org\/index.php\/wp-json\/wp\/v2\/media\/3850"}],"wp:attachment":[{"href":"https:\/\/coro.meridianos.org\/index.php\/wp-json\/wp\/v2\/media?parent=3849"}],"wp:term":[{"taxonomy":"category","embeddable":true,"href":"https:\/\/coro.meridianos.org\/index.php\/wp-json\/wp\/v2\/categories?post=3849"},{"taxonomy":"post_tag","embeddable":true,"href":"https:\/\/coro.meridianos.org\/index.php\/wp-json\/wp\/v2\/tags?post=3849"}],"curies":[{"name":"wp","href":"https:\/\/api.w.org\/{rel}","templated":true}]}}