{"id":3846,"date":"2015-12-15T12:53:07","date_gmt":"2015-12-15T12:53:07","guid":{"rendered":"https:\/\/coro.meridianos.org\/?p=3846"},"modified":"2016-09-30T11:56:28","modified_gmt":"2016-09-30T11:56:28","slug":"concierto-en-el-sagrario","status":"publish","type":"post","link":"https:\/\/coro.meridianos.org\/index.php\/concierto-en-el-sagrario\/","title":{"rendered":"Concierto en el Sagrario"},"content":{"rendered":"<p>El pr\u00f3ximo s\u00e1bado 19 de Diciembre tendr\u00e1 lugar el concierto de Navidad del Coro Meridianos en la Capilla del Sagrario de la Catedral de Sevilla. El concierto comenzar\u00e1 a las 20:30 de la tarde, con un repertorio de villancicos tradicionales y composiciones originales navide\u00f1as de nuestro director, Rafael de Carlos.<a href=\"https:\/\/coro.meridianos.org\/wp-content\/uploads\/2014\/12\/DSC_0215.jpg\"><img loading=\"lazy\" class=\"aligncenter size-thumbnail wp-image-3499\" src=\"https:\/\/coro.meridianos.org\/wp-content\/uploads\/2014\/12\/DSC_0215-150x150.jpg\" alt=\"DSC_0215\" width=\"150\" height=\"150\" \/><\/a><\/p>\n","protected":false},"excerpt":{"rendered":"<p>El pr\u00f3ximo s\u00e1bado 19 de Diciembre tendr\u00e1 lugar el concierto de Navidad del Coro Meridianos en la Capilla del Sagrario de la Catedral de Sevilla. El concierto comenzar\u00e1 a las 20:30 de la tarde, con un repertorio de villancicos tradicionales y composiciones originales navide\u00f1as de nuestro director, Rafael de Carlos.<\/p>\n","protected":false},"author":7,"featured_media":3847,"comment_status":"closed","ping_status":"closed","sticky":false,"template":"","format":"standard","meta":[],"categories":[55],"tags":[],"_links":{"self":[{"href":"https:\/\/coro.meridianos.org\/index.php\/wp-json\/wp\/v2\/posts\/3846"}],"collection":[{"href":"https:\/\/coro.meridianos.org\/index.php\/wp-json\/wp\/v2\/posts"}],"about":[{"href":"https:\/\/coro.meridianos.org\/index.php\/wp-json\/wp\/v2\/types\/post"}],"author":[{"embeddable":true,"href":"https:\/\/coro.meridianos.org\/index.php\/wp-json\/wp\/v2\/users\/7"}],"replies":[{"embeddable":true,"href":"https:\/\/coro.meridianos.org\/index.php\/wp-json\/wp\/v2\/comments?post=3846"}],"version-history":[{"count":2,"href":"https:\/\/coro.meridianos.org\/index.php\/wp-json\/wp\/v2\/posts\/3846\/revisions"}],"predecessor-version":[{"id":4630,"href":"https:\/\/coro.meridianos.org\/index.php\/wp-json\/wp\/v2\/posts\/3846\/revisions\/4630"}],"wp:featuredmedia":[{"embeddable":true,"href":"https:\/\/coro.meridianos.org\/index.php\/wp-json\/wp\/v2\/media\/3847"}],"wp:attachment":[{"href":"https:\/\/coro.meridianos.org\/index.php\/wp-json\/wp\/v2\/media?parent=3846"}],"wp:term":[{"taxonomy":"category","embeddable":true,"href":"https:\/\/coro.meridianos.org\/index.php\/wp-json\/wp\/v2\/categories?post=3846"},{"taxonomy":"post_tag","embeddable":true,"href":"https:\/\/coro.meridianos.org\/index.php\/wp-json\/wp\/v2\/tags?post=3846"}],"curies":[{"name":"wp","href":"https:\/\/api.w.org\/{rel}","templated":true}]}}